{"id":10795,"date":"2022-05-16T14:11:34","date_gmt":"2022-05-16T11:11:34","guid":{"rendered":"https:\/\/orkestris.riga.lv\/?p=10795"},"modified":"2022-05-16T15:01:38","modified_gmt":"2022-05-16T12:01:38","slug":"imants-kalnins-oratory-morning-hours","status":"publish","type":"post","link":"https:\/\/orkestris.riga.lv\/en\/imants-kalnins-oratory-morning-hours\/","title":{"rendered":"IMANTS KALNI\u0145\u0160\u2019 ORATORY MORNING HOURS"},"content":{"rendered":"\n<style type=\"text\/css\" data-created_by=\"avia_inline_auto\" id=\"style-css-av-l38mf8aa-2144bbf5162a20af68d1b75904b4df1f\">\n#top .av-special-heading.av-l38mf8aa-2144bbf5162a20af68d1b75904b4df1f{\npadding-bottom:30px;\n}\nbody .av-special-heading.av-l38mf8aa-2144bbf5162a20af68d1b75904b4df1f .av-special-heading-tag .heading-char{\nfont-size:25px;\n}\n.av-special-heading.av-l38mf8aa-2144bbf5162a20af68d1b75904b4df1f .av-subheading{\nfont-size:15px;\n}\n<\/style>\n<div  class='av-special-heading av-l38mf8aa-2144bbf5162a20af68d1b75904b4df1f av-special-heading-h1 blockquote modern-quote  avia-builder-el-0  el_before_av_one_half  avia-builder-el-first '><h1 class='av-special-heading-tag '  itemprop=\"headline\"  >IMANTS KALNI\u0145\u0160\u2019 ORATORY <span class='special_amp'>&#8220;<\/span>MORNING HOURS<span class='special_amp'>&#8221;<\/span><\/h1><div class=\"special-heading-border\"><div class=\"special-heading-inner-border\"><\/div><\/div><\/div>\n\n<style type=\"text\/css\" data-created_by=\"avia_inline_auto\" id=\"style-css-av-7psi8h7-e4ada13ea8ef238e4b3b404df6950f49\">\n.flex_column.av-7psi8h7-e4ada13ea8ef238e4b3b404df6950f49{\nborder-radius:0px 0px 0px 0px;\npadding:0px 0px 0px 0px;\n}\n<\/style>\n<div  class='flex_column av-7psi8h7-e4ada13ea8ef238e4b3b404df6950f49 av_one_half  avia-builder-el-1  el_after_av_heading  el_before_av_one_half  first flex_column_div av-zero-column-padding  '     ><style type=\"text\/css\" data-created_by=\"avia_inline_auto\" id=\"style-css-av-l38mfgox-3620095cd35f9f6ea8bf49a29918a707\">\n.avia-image-container.av-l38mfgox-3620095cd35f9f6ea8bf49a29918a707 img.avia_image{\nbox-shadow:none;\n}\n.avia-image-container.av-l38mfgox-3620095cd35f9f6ea8bf49a29918a707 .av-image-caption-overlay-center{\ncolor:#ffffff;\n}\n<\/style>\n<div  class='avia-image-container av-l38mfgox-3620095cd35f9f6ea8bf49a29918a707 av-styling- av-img-linked avia-align-center  avia-builder-el-2  avia-builder-el-no-sibling '   itemprop=\"image\" itemscope=\"itemscope\" itemtype=\"https:\/\/schema.org\/ImageObject\" ><div class=\"avia-image-container-inner\"><div class=\"avia-image-overlay-wrap\"><a href=\"https:\/\/orkestris.riga.lv\/wp-content\/uploads\/2022\/05\/f64_Orkestr_Riga_50gad_20220318_091-1030x641.jpg\" data-srcset=\"https:\/\/orkestris.riga.lv\/wp-content\/uploads\/2022\/05\/f64_Orkestr_Riga_50gad_20220318_091-1030x641.jpg 1030w, https:\/\/orkestris.riga.lv\/wp-content\/uploads\/2022\/05\/f64_Orkestr_Riga_50gad_20220318_091-300x187.jpg 300w, https:\/\/orkestris.riga.lv\/wp-content\/uploads\/2022\/05\/f64_Orkestr_Riga_50gad_20220318_091-768x478.jpg 768w, https:\/\/orkestris.riga.lv\/wp-content\/uploads\/2022\/05\/f64_Orkestr_Riga_50gad_20220318_091-1536x957.jpg 1536w, https:\/\/orkestris.riga.lv\/wp-content\/uploads\/2022\/05\/f64_Orkestr_Riga_50gad_20220318_091-2048x1275.jpg 2048w, https:\/\/orkestris.riga.lv\/wp-content\/uploads\/2022\/05\/f64_Orkestr_Riga_50gad_20220318_091-1500x934.jpg 1500w, https:\/\/orkestris.riga.lv\/wp-content\/uploads\/2022\/05\/f64_Orkestr_Riga_50gad_20220318_091-705x439.jpg 705w\" data-sizes=\"(max-width: 1030px) 100vw, 1030px\" class='avia_image '  aria-label='Orkestr_Riga_50gad_20220318'><img decoding=\"async\" fetchpriority=\"high\" class='wp-image-10789 avia-img-lazy-loading-not-10789 avia_image ' src=\"https:\/\/orkestris.riga.lv\/wp-content\/uploads\/2022\/05\/f64_Orkestr_Riga_50gad_20220318_091-300x187.jpg\" alt='Or\u0137estris &quot;R\u012bga&quot; un VAK &quot;Latvija&quot;' title='Orkestr_Riga_50gad_20220318'  height=\"187\" width=\"300\"  itemprop=\"thumbnailUrl\" srcset=\"https:\/\/orkestris.riga.lv\/wp-content\/uploads\/2022\/05\/f64_Orkestr_Riga_50gad_20220318_091-300x187.jpg 300w, https:\/\/orkestris.riga.lv\/wp-content\/uploads\/2022\/05\/f64_Orkestr_Riga_50gad_20220318_091-1030x641.jpg 1030w, https:\/\/orkestris.riga.lv\/wp-content\/uploads\/2022\/05\/f64_Orkestr_Riga_50gad_20220318_091-768x478.jpg 768w, https:\/\/orkestris.riga.lv\/wp-content\/uploads\/2022\/05\/f64_Orkestr_Riga_50gad_20220318_091-1536x957.jpg 1536w, https:\/\/orkestris.riga.lv\/wp-content\/uploads\/2022\/05\/f64_Orkestr_Riga_50gad_20220318_091-2048x1275.jpg 2048w, https:\/\/orkestris.riga.lv\/wp-content\/uploads\/2022\/05\/f64_Orkestr_Riga_50gad_20220318_091-1500x934.jpg 1500w, https:\/\/orkestris.riga.lv\/wp-content\/uploads\/2022\/05\/f64_Orkestr_Riga_50gad_20220318_091-705x439.jpg 705w\" sizes=\"(max-width: 300px) 100vw, 300px\" \/><\/a><\/div><\/div><\/div><\/div>\n\n<style type=\"text\/css\" data-created_by=\"avia_inline_auto\" id=\"style-css-av-71sm9pn-b03d29cbecb7602232252358ab4ab4fd\">\n.flex_column.av-71sm9pn-b03d29cbecb7602232252358ab4ab4fd{\nborder-radius:0px 0px 0px 0px;\npadding:0px 0px 0px 0px;\n}\n<\/style>\n<div  class='flex_column av-71sm9pn-b03d29cbecb7602232252358ab4ab4fd av_one_half  avia-builder-el-3  el_after_av_one_half  avia-builder-el-last  flex_column_div av-zero-column-padding  '     ><p><div class='avia-data-table-wrap av-nfplor-7fb98c7ab9e5d0050482cd5ea83f00a2 avia_responsive_table avia-table-1'><table  class='avia-table avia-data-table avia_pricing_default  avia-builder-el-4  el_before_av_button  avia-builder-el-first '  itemscope=\"itemscope\" itemtype=\"https:\/\/schema.org\/Table\" ><tbody><tr class=''><td class='avia-center-col'>2. JUN<\/td><td class='avia-center-col'>19.00, Thursday<\/td><\/tr><tr class=''><td class='avia-center-col'>Ticket price<\/td><td class='avia-center-col'>15\u20ac<br \/>\n7\u20ac<\/td><\/tr><tr class=''><td class='avia-center-col'>Venue<\/td><td class='avia-center-col'>Riga St Peter&#8217;s Church<\/td><\/tr><\/tbody><\/table><\/div><br \/>\n<div  class='avia-button-wrap av-225fc8b-fb7a44794b10268f0a91f06d7db2e2a7-wrap avia-button-left  avia-builder-el-5  el_after_av_table  el_before_av_textblock '><a href='https:\/\/www.bilesuparadize.lv\/lv\/event\/117683'  class='avia-button av-225fc8b-fb7a44794b10268f0a91f06d7db2e2a7 av-link-btn avia-icon_select-no avia-size-small avia-position-left avia-color-theme-color'  target=\"_blank\"  rel=\"noopener noreferrer\"  aria-label=\"TICKETS\"><span class='avia_iconbox_title' >TICKETS<\/span><\/a><\/div><br \/>\n<section  class='av_textblock_section av-l38ml1ph-55e55408ffcf6fb4a14ff5c6b8cf90f6 '   itemscope=\"itemscope\" itemtype=\"https:\/\/schema.org\/BlogPosting\" itemprop=\"blogPost\" ><div class='avia_textblock'  itemprop=\"text\" ><p>The State Choir LATVIJA<\/p>\n<p>Orchestra RIGA<\/p>\n<p>Conductor &#8211; Valdis But\u0101ns<\/p>\n<p>Soloists: Ilona Bagele (mezzo-soprano), Rihards Ma\u010danovskis (baritone), Andris Ludvigs (tenor).<\/p>\n<p>Storytellers: Ilze \u0136uzule-Skrasti\u0146a, Intars Re\u0161etins.<\/p>\n<p><strong>Program:<\/strong><\/p>\n<p>Imants Kalni\u0146\u0161 oratorio \u201cR\u012bta c\u0113liens\u201d (<em>Morning Hours<\/em>)<\/p>\n<\/div><\/section><br \/>\n\n<style type=\"text\/css\" data-created_by=\"avia_inline_auto\" id=\"style-css-av-1l1e4ln-b7ec6e0b82811da7f5972ce5a01e8e36\">\n#top .hr.hr-invisible.av-1l1e4ln-b7ec6e0b82811da7f5972ce5a01e8e36{\nheight:20px;\n}\n<\/style>\n<div  class='hr av-1l1e4ln-b7ec6e0b82811da7f5972ce5a01e8e36 hr-invisible  avia-builder-el-7  el_after_av_textblock  el_before_av_hr '><span class='hr-inner '><span class=\"hr-inner-style\"><\/span><\/span><\/div><br \/>\n\n<style type=\"text\/css\" data-created_by=\"avia_inline_auto\" id=\"style-css-av-11ibcbv-3bfcf5857962d25535bec3b4afb4c1ff\">\n#top .hr.hr-invisible.av-11ibcbv-3bfcf5857962d25535bec3b4afb4c1ff{\nheight:50px;\n}\n<\/style>\n<div  class='hr av-11ibcbv-3bfcf5857962d25535bec3b4afb4c1ff hr-invisible  avia-builder-el-8  el_after_av_hr  el_before_av_social_share '><span class='hr-inner '><span class=\"hr-inner-style\"><\/span><\/span><\/div><br \/>\n<div  class='av-social-sharing-box av-ox6bt7-7b7e92fda5bc7bb866b5a1871957d84c av-social-sharing-box-default  avia-builder-el-9  el_after_av_hr  avia-builder-el-last  av-social-sharing-box-fullwidth'><\/div><\/p><\/div>\n","protected":false},"excerpt":{"rendered":"","protected":false},"author":3,"featured_media":10789,"comment_status":"closed","ping_status":"closed","sticky":false,"template":"","format":"standard","meta":{"footnotes":""},"categories":[11],"tags":[],"class_list":["post-10795","post","type-post","status-publish","format-standard","has-post-thumbnail","hentry","category-concerts"],"yoast_head":"<!-- This site is optimized with the Yoast SEO plugin v27.4 - https:\/\/yoast.com\/product\/yoast-seo-wordpress\/ -->\n<title>IMANTS KALNI\u0145\u0160\u2019 ORATORY MORNING HOURS - Or\u0137estris R\u012aGA<\/title>\n<meta name=\"robots\" content=\"index, follow, max-snippet:-1, max-image-preview:large, max-video-preview:-1\" \/>\n<link rel=\"canonical\" href=\"https:\/\/orkestris.riga.lv\/en\/imants-kalnins-oratory-morning-hours\/\" \/>\n<meta property=\"og:locale\" content=\"en_US\" \/>\n<meta property=\"og:type\" content=\"article\" \/>\n<meta property=\"og:title\" content=\"IMANTS KALNI\u0145\u0160\u2019 ORATORY MORNING HOURS - Or\u0137estris R\u012aGA\" \/>\n<meta property=\"og:url\" content=\"https:\/\/orkestris.riga.lv\/en\/imants-kalnins-oratory-morning-hours\/\" \/>\n<meta property=\"og:site_name\" content=\"Or\u0137estris R\u012aGA\" \/>\n<meta property=\"article:publisher\" content=\"https:\/\/www.facebook.com\/rigaorchestra\" \/>\n<meta property=\"article:published_time\" content=\"2022-05-16T11:11:34+00:00\" \/>\n<meta property=\"article:modified_time\" content=\"2022-05-16T12:01:38+00:00\" \/>\n<meta property=\"og:image\" content=\"https:\/\/orkestris.riga.lv\/wp-content\/uploads\/2022\/05\/f64_Orkestr_Riga_50gad_20220318_091-1030x641.jpg\" \/>\n\t<meta property=\"og:image:width\" content=\"1030\" \/>\n\t<meta property=\"og:image:height\" content=\"641\" \/>\n\t<meta property=\"og:image:type\" content=\"image\/jpeg\" \/>\n<meta name=\"author\" content=\"Baiba Tilhena\" \/>\n<meta name=\"twitter:card\" content=\"summary_large_image\" \/>\n<meta name=\"twitter:label1\" content=\"Written by\" \/>\n\t<meta name=\"twitter:data1\" content=\"Baiba Tilhena\" \/>\n\t<meta name=\"twitter:label2\" content=\"Est. reading time\" \/>\n\t<meta name=\"twitter:data2\" content=\"4 minutes\" \/>\n<script type=\"application\/ld+json\" class=\"yoast-schema-graph\">{\"@context\":\"https:\\\/\\\/schema.org\",\"@graph\":[{\"@type\":\"Article\",\"@id\":\"https:\\\/\\\/orkestris.riga.lv\\\/en\\\/imants-kalnins-oratory-morning-hours\\\/#article\",\"isPartOf\":{\"@id\":\"https:\\\/\\\/orkestris.riga.lv\\\/en\\\/imants-kalnins-oratory-morning-hours\\\/\"},\"author\":{\"name\":\"Baiba Tilhena\",\"@id\":\"https:\\\/\\\/orkestris.riga.lv\\\/en\\\/#\\\/schema\\\/person\\\/5fc8244283120fa5d8078ca3afdbc146\"},\"headline\":\"IMANTS KALNI\u0145\u0160\u2019 ORATORY MORNING HOURS\",\"datePublished\":\"2022-05-16T11:11:34+00:00\",\"dateModified\":\"2022-05-16T12:01:38+00:00\",\"mainEntityOfPage\":{\"@id\":\"https:\\\/\\\/orkestris.riga.lv\\\/en\\\/imants-kalnins-oratory-morning-hours\\\/\"},\"wordCount\":658,\"publisher\":{\"@id\":\"https:\\\/\\\/orkestris.riga.lv\\\/en\\\/#organization\"},\"image\":{\"@id\":\"https:\\\/\\\/orkestris.riga.lv\\\/en\\\/imants-kalnins-oratory-morning-hours\\\/#primaryimage\"},\"thumbnailUrl\":\"https:\\\/\\\/orkestris.riga.lv\\\/wp-content\\\/uploads\\\/2022\\\/05\\\/f64_Orkestr_Riga_50gad_20220318_091-scaled.jpg\",\"articleSection\":[\"Concerts\"],\"inLanguage\":\"en-US\"},{\"@type\":\"WebPage\",\"@id\":\"https:\\\/\\\/orkestris.riga.lv\\\/en\\\/imants-kalnins-oratory-morning-hours\\\/\",\"url\":\"https:\\\/\\\/orkestris.riga.lv\\\/en\\\/imants-kalnins-oratory-morning-hours\\\/\",\"name\":\"IMANTS KALNI\u0145\u0160\u2019 ORATORY MORNING HOURS - Or\u0137estris R\u012aGA\",\"isPartOf\":{\"@id\":\"https:\\\/\\\/orkestris.riga.lv\\\/en\\\/#website\"},\"primaryImageOfPage\":{\"@id\":\"https:\\\/\\\/orkestris.riga.lv\\\/en\\\/imants-kalnins-oratory-morning-hours\\\/#primaryimage\"},\"image\":{\"@id\":\"https:\\\/\\\/orkestris.riga.lv\\\/en\\\/imants-kalnins-oratory-morning-hours\\\/#primaryimage\"},\"thumbnailUrl\":\"https:\\\/\\\/orkestris.riga.lv\\\/wp-content\\\/uploads\\\/2022\\\/05\\\/f64_Orkestr_Riga_50gad_20220318_091-scaled.jpg\",\"datePublished\":\"2022-05-16T11:11:34+00:00\",\"dateModified\":\"2022-05-16T12:01:38+00:00\",\"breadcrumb\":{\"@id\":\"https:\\\/\\\/orkestris.riga.lv\\\/en\\\/imants-kalnins-oratory-morning-hours\\\/#breadcrumb\"},\"inLanguage\":\"en-US\",\"potentialAction\":[{\"@type\":\"ReadAction\",\"target\":[\"https:\\\/\\\/orkestris.riga.lv\\\/en\\\/imants-kalnins-oratory-morning-hours\\\/\"]}]},{\"@type\":\"ImageObject\",\"inLanguage\":\"en-US\",\"@id\":\"https:\\\/\\\/orkestris.riga.lv\\\/en\\\/imants-kalnins-oratory-morning-hours\\\/#primaryimage\",\"url\":\"https:\\\/\\\/orkestris.riga.lv\\\/wp-content\\\/uploads\\\/2022\\\/05\\\/f64_Orkestr_Riga_50gad_20220318_091-scaled.jpg\",\"contentUrl\":\"https:\\\/\\\/orkestris.riga.lv\\\/wp-content\\\/uploads\\\/2022\\\/05\\\/f64_Orkestr_Riga_50gad_20220318_091-scaled.jpg\",\"width\":2560,\"height\":1594,\"caption\":\"18.03.2022. VEF Kulturas pili notiek orkestra \u0093Riga\u0094 50 gadu jubilejas ieskanas koncerts \u0093Cetri Amerikas stasti\u0094.\"},{\"@type\":\"BreadcrumbList\",\"@id\":\"https:\\\/\\\/orkestris.riga.lv\\\/en\\\/imants-kalnins-oratory-morning-hours\\\/#breadcrumb\",\"itemListElement\":[{\"@type\":\"ListItem\",\"position\":1,\"name\":\"Home\",\"item\":\"https:\\\/\\\/orkestris.riga.lv\\\/en\\\/\"},{\"@type\":\"ListItem\",\"position\":2,\"name\":\"IMANTS KALNI\u0145\u0160\u2019 ORATORY MORNING HOURS\"}]},{\"@type\":\"WebSite\",\"@id\":\"https:\\\/\\\/orkestris.riga.lv\\\/en\\\/#website\",\"url\":\"https:\\\/\\\/orkestris.riga.lv\\\/en\\\/\",\"name\":\"Or\u0137estris R\u012aGA\",\"description\":\"Orchestra RIGA\",\"publisher\":{\"@id\":\"https:\\\/\\\/orkestris.riga.lv\\\/en\\\/#organization\"},\"potentialAction\":[{\"@type\":\"SearchAction\",\"target\":{\"@type\":\"EntryPoint\",\"urlTemplate\":\"https:\\\/\\\/orkestris.riga.lv\\\/en\\\/?s={search_term_string}\"},\"query-input\":{\"@type\":\"PropertyValueSpecification\",\"valueRequired\":true,\"valueName\":\"search_term_string\"}}],\"inLanguage\":\"en-US\"},{\"@type\":\"Organization\",\"@id\":\"https:\\\/\\\/orkestris.riga.lv\\\/en\\\/#organization\",\"name\":\"Or\u0137estris R\u012aGA\",\"url\":\"https:\\\/\\\/orkestris.riga.lv\\\/en\\\/\",\"logo\":{\"@type\":\"ImageObject\",\"inLanguage\":\"en-US\",\"@id\":\"https:\\\/\\\/orkestris.riga.lv\\\/en\\\/#\\\/schema\\\/logo\\\/image\\\/\",\"url\":\"https:\\\/\\\/orkestris.riga.lv\\\/wp-content\\\/uploads\\\/2025\\\/01\\\/orkestris_riga_logo.png\",\"contentUrl\":\"https:\\\/\\\/orkestris.riga.lv\\\/wp-content\\\/uploads\\\/2025\\\/01\\\/orkestris_riga_logo.png\",\"width\":1200,\"height\":505,\"caption\":\"Or\u0137estris R\u012aGA\"},\"image\":{\"@id\":\"https:\\\/\\\/orkestris.riga.lv\\\/en\\\/#\\\/schema\\\/logo\\\/image\\\/\"},\"sameAs\":[\"https:\\\/\\\/www.facebook.com\\\/rigaorchestra\",\"https:\\\/\\\/www.youtube.com\\\/rigaorchestra\",\"https:\\\/\\\/www.instagram.com\\\/rigaorchestra\"]},{\"@type\":\"Person\",\"@id\":\"https:\\\/\\\/orkestris.riga.lv\\\/en\\\/#\\\/schema\\\/person\\\/5fc8244283120fa5d8078ca3afdbc146\",\"name\":\"Baiba Tilhena\",\"image\":{\"@type\":\"ImageObject\",\"inLanguage\":\"en-US\",\"@id\":\"https:\\\/\\\/secure.gravatar.com\\\/avatar\\\/0c7ba6dfe435c424160fdf1c493bc6f7b8b837e21cb70e0179039e7ad6d5528f?s=96&d=mm&r=g\",\"url\":\"https:\\\/\\\/secure.gravatar.com\\\/avatar\\\/0c7ba6dfe435c424160fdf1c493bc6f7b8b837e21cb70e0179039e7ad6d5528f?s=96&d=mm&r=g\",\"contentUrl\":\"https:\\\/\\\/secure.gravatar.com\\\/avatar\\\/0c7ba6dfe435c424160fdf1c493bc6f7b8b837e21cb70e0179039e7ad6d5528f?s=96&d=mm&r=g\",\"caption\":\"Baiba Tilhena\"},\"sameAs\":[\"http:\\\/\\\/orkestris.riga.lv\"],\"url\":\"https:\\\/\\\/orkestris.riga.lv\\\/en\\\/author\\\/lindaauseja\\\/\"}]}<\/script>\n<!-- \/ Yoast SEO plugin. -->","yoast_head_json":{"title":"IMANTS KALNI\u0145\u0160\u2019 ORATORY MORNING HOURS - Or\u0137estris R\u012aGA","robots":{"index":"index","follow":"follow","max-snippet":"max-snippet:-1","max-image-preview":"max-image-preview:large","max-video-preview":"max-video-preview:-1"},"canonical":"https:\/\/orkestris.riga.lv\/en\/imants-kalnins-oratory-morning-hours\/","og_locale":"en_US","og_type":"article","og_title":"IMANTS KALNI\u0145\u0160\u2019 ORATORY MORNING HOURS - Or\u0137estris R\u012aGA","og_url":"https:\/\/orkestris.riga.lv\/en\/imants-kalnins-oratory-morning-hours\/","og_site_name":"Or\u0137estris R\u012aGA","article_publisher":"https:\/\/www.facebook.com\/rigaorchestra","article_published_time":"2022-05-16T11:11:34+00:00","article_modified_time":"2022-05-16T12:01:38+00:00","og_image":[{"width":1030,"height":641,"url":"https:\/\/orkestris.riga.lv\/wp-content\/uploads\/2022\/05\/f64_Orkestr_Riga_50gad_20220318_091-1030x641.jpg","type":"image\/jpeg"}],"author":"Baiba Tilhena","twitter_card":"summary_large_image","twitter_misc":{"Written by":"Baiba Tilhena","Est. reading time":"4 minutes"},"schema":{"@context":"https:\/\/schema.org","@graph":[{"@type":"Article","@id":"https:\/\/orkestris.riga.lv\/en\/imants-kalnins-oratory-morning-hours\/#article","isPartOf":{"@id":"https:\/\/orkestris.riga.lv\/en\/imants-kalnins-oratory-morning-hours\/"},"author":{"name":"Baiba Tilhena","@id":"https:\/\/orkestris.riga.lv\/en\/#\/schema\/person\/5fc8244283120fa5d8078ca3afdbc146"},"headline":"IMANTS KALNI\u0145\u0160\u2019 ORATORY MORNING HOURS","datePublished":"2022-05-16T11:11:34+00:00","dateModified":"2022-05-16T12:01:38+00:00","mainEntityOfPage":{"@id":"https:\/\/orkestris.riga.lv\/en\/imants-kalnins-oratory-morning-hours\/"},"wordCount":658,"publisher":{"@id":"https:\/\/orkestris.riga.lv\/en\/#organization"},"image":{"@id":"https:\/\/orkestris.riga.lv\/en\/imants-kalnins-oratory-morning-hours\/#primaryimage"},"thumbnailUrl":"https:\/\/orkestris.riga.lv\/wp-content\/uploads\/2022\/05\/f64_Orkestr_Riga_50gad_20220318_091-scaled.jpg","articleSection":["Concerts"],"inLanguage":"en-US"},{"@type":"WebPage","@id":"https:\/\/orkestris.riga.lv\/en\/imants-kalnins-oratory-morning-hours\/","url":"https:\/\/orkestris.riga.lv\/en\/imants-kalnins-oratory-morning-hours\/","name":"IMANTS KALNI\u0145\u0160\u2019 ORATORY MORNING HOURS - Or\u0137estris R\u012aGA","isPartOf":{"@id":"https:\/\/orkestris.riga.lv\/en\/#website"},"primaryImageOfPage":{"@id":"https:\/\/orkestris.riga.lv\/en\/imants-kalnins-oratory-morning-hours\/#primaryimage"},"image":{"@id":"https:\/\/orkestris.riga.lv\/en\/imants-kalnins-oratory-morning-hours\/#primaryimage"},"thumbnailUrl":"https:\/\/orkestris.riga.lv\/wp-content\/uploads\/2022\/05\/f64_Orkestr_Riga_50gad_20220318_091-scaled.jpg","datePublished":"2022-05-16T11:11:34+00:00","dateModified":"2022-05-16T12:01:38+00:00","breadcrumb":{"@id":"https:\/\/orkestris.riga.lv\/en\/imants-kalnins-oratory-morning-hours\/#breadcrumb"},"inLanguage":"en-US","potentialAction":[{"@type":"ReadAction","target":["https:\/\/orkestris.riga.lv\/en\/imants-kalnins-oratory-morning-hours\/"]}]},{"@type":"ImageObject","inLanguage":"en-US","@id":"https:\/\/orkestris.riga.lv\/en\/imants-kalnins-oratory-morning-hours\/#primaryimage","url":"https:\/\/orkestris.riga.lv\/wp-content\/uploads\/2022\/05\/f64_Orkestr_Riga_50gad_20220318_091-scaled.jpg","contentUrl":"https:\/\/orkestris.riga.lv\/wp-content\/uploads\/2022\/05\/f64_Orkestr_Riga_50gad_20220318_091-scaled.jpg","width":2560,"height":1594,"caption":"18.03.2022. VEF Kulturas pili notiek orkestra \u0093Riga\u0094 50 gadu jubilejas ieskanas koncerts \u0093Cetri Amerikas stasti\u0094."},{"@type":"BreadcrumbList","@id":"https:\/\/orkestris.riga.lv\/en\/imants-kalnins-oratory-morning-hours\/#breadcrumb","itemListElement":[{"@type":"ListItem","position":1,"name":"Home","item":"https:\/\/orkestris.riga.lv\/en\/"},{"@type":"ListItem","position":2,"name":"IMANTS KALNI\u0145\u0160\u2019 ORATORY MORNING HOURS"}]},{"@type":"WebSite","@id":"https:\/\/orkestris.riga.lv\/en\/#website","url":"https:\/\/orkestris.riga.lv\/en\/","name":"Or\u0137estris R\u012aGA","description":"Orchestra RIGA","publisher":{"@id":"https:\/\/orkestris.riga.lv\/en\/#organization"},"potentialAction":[{"@type":"SearchAction","target":{"@type":"EntryPoint","urlTemplate":"https:\/\/orkestris.riga.lv\/en\/?s={search_term_string}"},"query-input":{"@type":"PropertyValueSpecification","valueRequired":true,"valueName":"search_term_string"}}],"inLanguage":"en-US"},{"@type":"Organization","@id":"https:\/\/orkestris.riga.lv\/en\/#organization","name":"Or\u0137estris R\u012aGA","url":"https:\/\/orkestris.riga.lv\/en\/","logo":{"@type":"ImageObject","inLanguage":"en-US","@id":"https:\/\/orkestris.riga.lv\/en\/#\/schema\/logo\/image\/","url":"https:\/\/orkestris.riga.lv\/wp-content\/uploads\/2025\/01\/orkestris_riga_logo.png","contentUrl":"https:\/\/orkestris.riga.lv\/wp-content\/uploads\/2025\/01\/orkestris_riga_logo.png","width":1200,"height":505,"caption":"Or\u0137estris R\u012aGA"},"image":{"@id":"https:\/\/orkestris.riga.lv\/en\/#\/schema\/logo\/image\/"},"sameAs":["https:\/\/www.facebook.com\/rigaorchestra","https:\/\/www.youtube.com\/rigaorchestra","https:\/\/www.instagram.com\/rigaorchestra"]},{"@type":"Person","@id":"https:\/\/orkestris.riga.lv\/en\/#\/schema\/person\/5fc8244283120fa5d8078ca3afdbc146","name":"Baiba Tilhena","image":{"@type":"ImageObject","inLanguage":"en-US","@id":"https:\/\/secure.gravatar.com\/avatar\/0c7ba6dfe435c424160fdf1c493bc6f7b8b837e21cb70e0179039e7ad6d5528f?s=96&d=mm&r=g","url":"https:\/\/secure.gravatar.com\/avatar\/0c7ba6dfe435c424160fdf1c493bc6f7b8b837e21cb70e0179039e7ad6d5528f?s=96&d=mm&r=g","contentUrl":"https:\/\/secure.gravatar.com\/avatar\/0c7ba6dfe435c424160fdf1c493bc6f7b8b837e21cb70e0179039e7ad6d5528f?s=96&d=mm&r=g","caption":"Baiba Tilhena"},"sameAs":["http:\/\/orkestris.riga.lv"],"url":"https:\/\/orkestris.riga.lv\/en\/author\/lindaauseja\/"}]}},"_links":{"self":[{"href":"https:\/\/orkestris.riga.lv\/en\/wp-json\/wp\/v2\/posts\/10795","targetHints":{"allow":["GET"]}}],"collection":[{"href":"https:\/\/orkestris.riga.lv\/en\/wp-json\/wp\/v2\/posts"}],"about":[{"href":"https:\/\/orkestris.riga.lv\/en\/wp-json\/wp\/v2\/types\/post"}],"author":[{"embeddable":true,"href":"https:\/\/orkestris.riga.lv\/en\/wp-json\/wp\/v2\/users\/3"}],"replies":[{"embeddable":true,"href":"https:\/\/orkestris.riga.lv\/en\/wp-json\/wp\/v2\/comments?post=10795"}],"version-history":[{"count":5,"href":"https:\/\/orkestris.riga.lv\/en\/wp-json\/wp\/v2\/posts\/10795\/revisions"}],"predecessor-version":[{"id":10802,"href":"https:\/\/orkestris.riga.lv\/en\/wp-json\/wp\/v2\/posts\/10795\/revisions\/10802"}],"wp:featuredmedia":[{"embeddable":true,"href":"https:\/\/orkestris.riga.lv\/en\/wp-json\/wp\/v2\/media\/10789"}],"wp:attachment":[{"href":"https:\/\/orkestris.riga.lv\/en\/wp-json\/wp\/v2\/media?parent=10795"}],"wp:term":[{"taxonomy":"category","embeddable":true,"href":"https:\/\/orkestris.riga.lv\/en\/wp-json\/wp\/v2\/categories?post=10795"},{"taxonomy":"post_tag","embeddable":true,"href":"https:\/\/orkestris.riga.lv\/en\/wp-json\/wp\/v2\/tags?post=10795"}],"curies":[{"name":"wp","href":"https:\/\/api.w.org\/{rel}","templated":true}]}}