{"id":18135,"date":"2026-04-27T14:52:49","date_gmt":"2026-04-27T11:52:49","guid":{"rendered":"https:\/\/orkestris.riga.lv\/?p=18135"},"modified":"2026-04-27T16:23:09","modified_gmt":"2026-04-27T13:23:09","slug":"bach_part_penderecki","status":"publish","type":"post","link":"https:\/\/orkestris.riga.lv\/en\/bach_part_penderecki\/","title":{"rendered":"BACH. P\u00c4RT. PENDERECKI"},"content":{"rendered":"\n<style type=\"text\/css\" data-created_by=\"avia_inline_auto\" id=\"style-css-av-moh3ynqt-76715dcc27687bebd599ec41fe1b033c\">\n#top .av-special-heading.av-moh3ynqt-76715dcc27687bebd599ec41fe1b033c{\npadding-bottom:30px;\n}\nbody .av-special-heading.av-moh3ynqt-76715dcc27687bebd599ec41fe1b033c .av-special-heading-tag .heading-char{\nfont-size:25px;\n}\n.av-special-heading.av-moh3ynqt-76715dcc27687bebd599ec41fe1b033c .av-subheading{\nfont-size:15px;\n}\n<\/style>\n<div  class='av-special-heading av-moh3ynqt-76715dcc27687bebd599ec41fe1b033c av-special-heading-h1 blockquote modern-quote  avia-builder-el-0  el_before_av_one_half  avia-builder-el-first '><div class='av-subheading av-subheading_above'><p>Concert series SUMMER CLASSICS<\/p>\n<\/div><h1 class='av-special-heading-tag '  itemprop=\"headline\"  >BACH. P\u00c4RT. PENDERECKI<\/h1><div class=\"special-heading-border\"><div class=\"special-heading-inner-border\"><\/div><\/div><\/div>\n\n<style type=\"text\/css\" data-created_by=\"avia_inline_auto\" id=\"style-css-av-tbysif-04503656e25af2f08735f3166df4657a\">\n.flex_column.av-tbysif-04503656e25af2f08735f3166df4657a{\nborder-radius:0px 0px 0px 0px;\npadding:0px 0px 0px 0px;\n}\n<\/style>\n<div  class='flex_column av-tbysif-04503656e25af2f08735f3166df4657a av_one_half  avia-builder-el-1  el_after_av_heading  el_before_av_one_half  first flex_column_div av-zero-column-padding  '     ><p>\n<style type=\"text\/css\" data-created_by=\"avia_inline_auto\" id=\"style-css-av-moh3yct9-3167a72db610e85d2e27f0183de7aedb\">\n.avia-image-container.av-moh3yct9-3167a72db610e85d2e27f0183de7aedb img.avia_image{\nbox-shadow:none;\n}\n.avia-image-container.av-moh3yct9-3167a72db610e85d2e27f0183de7aedb .av-image-caption-overlay-center{\ncolor:#ffffff;\n}\n<\/style>\n<div  class='avia-image-container av-moh3yct9-3167a72db610e85d2e27f0183de7aedb av-styling- av-img-linked avia-align-center  avia-builder-el-2  el_before_av_image  avia-builder-el-first '   itemprop=\"image\" itemscope=\"itemscope\" itemtype=\"https:\/\/schema.org\/ImageObject\" ><div class=\"avia-image-container-inner\"><div class=\"avia-image-overlay-wrap\"><a href=\"https:\/\/orkestris.riga.lv\/wp-content\/uploads\/2026\/04\/BP_Bahs_Perts_Pendereckis4-1.jpg\" data-srcset=\"https:\/\/orkestris.riga.lv\/wp-content\/uploads\/2026\/04\/BP_Bahs_Perts_Pendereckis4-1.jpg 481w, https:\/\/orkestris.riga.lv\/wp-content\/uploads\/2026\/04\/BP_Bahs_Perts_Pendereckis4-1-300x203.jpg 300w\" data-sizes=\"(max-width: 481px) 100vw, 481px\" class='avia_image '  aria-label='BP_Bahs_Perts_Pendereckis4'><img decoding=\"async\" fetchpriority=\"high\" class='wp-image-18136 avia-img-lazy-loading-not-18136 avia_image ' src=\"https:\/\/orkestris.riga.lv\/wp-content\/uploads\/2026\/04\/BP_Bahs_Perts_Pendereckis4-1.jpg\" alt='' title='BP_Bahs_Perts_Pendereckis4'  height=\"325\" width=\"481\"  itemprop=\"thumbnailUrl\" srcset=\"https:\/\/orkestris.riga.lv\/wp-content\/uploads\/2026\/04\/BP_Bahs_Perts_Pendereckis4-1.jpg 481w, https:\/\/orkestris.riga.lv\/wp-content\/uploads\/2026\/04\/BP_Bahs_Perts_Pendereckis4-1-300x203.jpg 300w\" sizes=\"(max-width: 481px) 100vw, 481px\" \/><\/a><\/div><\/div><\/div><br \/>\n\n<style type=\"text\/css\" data-created_by=\"avia_inline_auto\" id=\"style-css-av-moh86e2g-b648e095df8389750f4ee7ea976b38c6\">\n.avia-image-container.av-moh86e2g-b648e095df8389750f4ee7ea976b38c6 img.avia_image{\nbox-shadow:none;\n}\n.avia-image-container.av-moh86e2g-b648e095df8389750f4ee7ea976b38c6 .av-image-caption-overlay-center{\ncolor:#ffffff;\n}\n<\/style>\n<div  class='avia-image-container av-moh86e2g-b648e095df8389750f4ee7ea976b38c6 av-styling- avia-align-center  avia-builder-el-3  el_after_av_image  el_before_av_image '   itemprop=\"image\" itemscope=\"itemscope\" itemtype=\"https:\/\/schema.org\/ImageObject\" ><div class=\"avia-image-container-inner\"><div class=\"avia-image-overlay-wrap\"><img decoding=\"async\" fetchpriority=\"high\" class='wp-image-18163 avia-img-lazy-loading-not-18163 avia_image ' src=\"https:\/\/orkestris.riga.lv\/wp-content\/uploads\/2026\/04\/058_janisphoto_small-845x684.jpg\" alt='' title='Or\u0137estris R\u012bga. Medit\u0101cijas.'  height=\"684\" width=\"845\"  itemprop=\"thumbnailUrl\" srcset=\"https:\/\/orkestris.riga.lv\/wp-content\/uploads\/2026\/04\/058_janisphoto_small-845x684.jpg 845w, https:\/\/orkestris.riga.lv\/wp-content\/uploads\/2026\/04\/058_janisphoto_small-495x400.jpg 495w\" sizes=\"(max-width: 845px) 100vw, 845px\" \/><\/div><\/div><\/div><br \/>\n\n<style type=\"text\/css\" data-created_by=\"avia_inline_auto\" id=\"style-css-av-moh57vef-37d7d2ac7f14e38fa62649b5c72eb0e1\">\n.avia-image-container.av-moh57vef-37d7d2ac7f14e38fa62649b5c72eb0e1 img.avia_image{\nbox-shadow:none;\n}\n.avia-image-container.av-moh57vef-37d7d2ac7f14e38fa62649b5c72eb0e1 .av-image-caption-overlay-center{\ncolor:#ffffff;\n}\n<\/style>\n<div  class='avia-image-container av-moh57vef-37d7d2ac7f14e38fa62649b5c72eb0e1 av-styling- avia-align-center  avia-builder-el-4  el_after_av_image  el_before_av_image '   itemprop=\"image\" itemscope=\"itemscope\" itemtype=\"https:\/\/schema.org\/ImageObject\" ><div class=\"avia-image-container-inner\"><div class=\"avia-image-overlay-wrap\"><img decoding=\"async\" fetchpriority=\"high\" class='wp-image-18141 avia-img-lazy-loading-not-18141 avia_image ' src=\"https:\/\/orkestris.riga.lv\/wp-content\/uploads\/2026\/04\/st-john-s-church-of-riga-845x684.jpg\" alt='' title='st-john-s-church-of-riga'  height=\"684\" width=\"845\"  itemprop=\"thumbnailUrl\" srcset=\"https:\/\/orkestris.riga.lv\/wp-content\/uploads\/2026\/04\/st-john-s-church-of-riga-845x684.jpg 845w, https:\/\/orkestris.riga.lv\/wp-content\/uploads\/2026\/04\/st-john-s-church-of-riga-495x400.jpg 495w\" sizes=\"(max-width: 845px) 100vw, 845px\" \/><\/div><\/div><\/div><br \/>\n\n<style type=\"text\/css\" data-created_by=\"avia_inline_auto\" id=\"style-css-av-moh88yrz-5b3ee0a56aaba46f7dbc6ad1a98868fc\">\n.avia-image-container.av-moh88yrz-5b3ee0a56aaba46f7dbc6ad1a98868fc img.avia_image{\nbox-shadow:none;\n}\n.avia-image-container.av-moh88yrz-5b3ee0a56aaba46f7dbc6ad1a98868fc .av-image-caption-overlay-center{\ncolor:#ffffff;\n}\n<\/style>\n<div  class='avia-image-container av-moh88yrz-5b3ee0a56aaba46f7dbc6ad1a98868fc av-styling- avia-align-center  avia-builder-el-5  el_after_av_image  avia-builder-el-last '   itemprop=\"image\" itemscope=\"itemscope\" itemtype=\"https:\/\/schema.org\/ImageObject\" ><div class=\"avia-image-container-inner\"><div class=\"avia-image-overlay-wrap\"><img decoding=\"async\" fetchpriority=\"high\" class='wp-image-18166 avia-img-lazy-loading-not-18166 avia_image ' src=\"https:\/\/orkestris.riga.lv\/wp-content\/uploads\/2026\/04\/Ilze-Reine-640x684.jpg\" alt='' title='Organist Ilze Reine'  height=\"684\" width=\"640\"  itemprop=\"thumbnailUrl\"  \/><\/div><\/div><\/div><\/p><\/div>\n<style type=\"text\/css\" data-created_by=\"avia_inline_auto\" id=\"style-css-av-7kum2l3-5458eee3d245a96e786ac4bfabfe69b5\">\n.flex_column.av-7kum2l3-5458eee3d245a96e786ac4bfabfe69b5{\nborder-radius:0px 0px 0px 0px;\npadding:0px 0px 0px 0px;\n}\n<\/style>\n<div  class='flex_column av-7kum2l3-5458eee3d245a96e786ac4bfabfe69b5 av_one_half  avia-builder-el-6  el_after_av_one_half  el_before_av_section  avia-builder-el-last  flex_column_div av-zero-column-padding  '     ><p><div class='avia-data-table-wrap av-767ag3b-b158436106c7c1795be3bcb168e0f693 avia_responsive_table avia-table-1'><table  class='avia-table avia-data-table avia_pricing_default  avia-builder-el-7  el_before_av_textblock  avia-builder-el-first  tabulas-optimizacija'  itemscope=\"itemscope\" itemtype=\"https:\/\/schema.org\/Table\" ><tbody><tr class='avia-heading-row'><th class='avia-center-col'>August 11, 2026<\/th><th class='avia-center-col'>at 7 PM<\/th><\/tr><tr class=''><td class='avia-center-col'>Ticket price<\/td><td class='avia-center-col'>12-30 \u20ac<\/td><\/tr><tr class=''><td class='avia-center-col'>Venue<\/td><td class='avia-center-col'>Riga St. John&#8217;s Church<\/td><\/tr><\/tbody><\/table><\/div><style type='text\/css'>.avia-table-1 td:nth-of-type(1):before { content: 'August 11, 2026'; } .avia-table-1 td:nth-of-type(2):before { content: 'at 7 PM'; } <\/style><br \/>\n<section  class='av_textblock_section av-moh3t0lo-3c019c315c326a261cd217c64a6e801a '   itemscope=\"itemscope\" itemtype=\"https:\/\/schema.org\/BlogPosting\" itemprop=\"blogPost\" ><div class='avia_textblock'  itemprop=\"text\" ><p data-start=\"309\" data-end=\"472\">In the August of 2026, admirers of symphonic and organ music are once again invited to enjoy the concert series <em data-start=\"421\" data-end=\"438\">SUMMER CLASSICS<\/em>, presented by Orchestra \u201cR\u012bga\u201d in one of the most distinctive churches of Riga Old Town &#8211; <span class=\"hover:entity-accent entity-underline inline cursor-pointer align-baseline\"><span class=\"whitespace-normal\"><strong>St. John\u2019s Church<\/strong>, Riga<\/span><\/span>, a unique medieval landmark dating back to the 13th century, combining late Gothic and Renaissance architectural elements and is renowned for its intimate atmosphere and exceptionally warm acoustics, making it a compelling venue for organ and wind music.<\/p>\n<p data-start=\"173\" data-end=\"566\">This program highlights the distinctive musical languages of outstanding composers from different eras, bringing together the masterworks of the Baroque genius <strong><span class=\"hover:entity-accent entity-underline inline cursor-pointer align-baseline\"><span class=\"whitespace-normal\">Johann Sebastian Bach<\/span><\/span> <\/strong>with the ascetic intensity and meditative depth of <strong><span class=\"hover:entity-accent entity-underline inline cursor-pointer align-baseline\"><span class=\"whitespace-normal\">Arvo P\u00e4rt<\/span><\/span><\/strong> and the powerful, often sonically dramatic sacred expression of <strong><span class=\"hover:entity-accent entity-underline inline cursor-pointer align-baseline\"><span class=\"whitespace-normal\">Krzysztof Penderecki<\/span><\/span><\/strong>.<\/p>\n<p data-start=\"568\" data-end=\"893\">The concert traces a dramaturgical journey from the monumental architectural forms of the Baroque to the spiritual introspection of contemporary music, illuminating the evolution of classical expression across centuries &#8211; from intricate polyphony to the concentrated, often contemplative language of modern composition.<\/p>\n<p>PARTICIPANTS<\/p>\n<p><strong>Orchestra RIGA<\/strong><br data-start=\"201\" data-end=\"204\" \/>Organist <strong><span class=\"hover:entity-accent entity-underline inline cursor-pointer align-baseline\"><span class=\"whitespace-normal\">Ilze Reine<\/span><\/span><\/strong><br data-start=\"250\" data-end=\"253\" \/>Conductor <strong><span class=\"hover:entity-accent entity-underline inline cursor-pointer align-baseline\"><span class=\"whitespace-normal\">Valdis But\u0101ns<\/span><\/span><\/strong><\/p>\n<p data-pm-slice=\"1 1 &#091;&#093;\">PROGRAM<\/p>\n<p data-pm-slice=\"1 1 &#091;&#093;\">Johann Sebastian Bach &#8211; <strong><em>Prelude and Fugue in E-flat major<\/em> (\u201cSt Anne\u201d)<\/strong>, BWV 552 (arr. Donald Hunsberger) ; <strong><em>Prelude and Fugue in E minor<\/em><\/strong>, BWV 548<br \/>\nKrzysztof Penderecki &#8211; <em><strong>Entrata<\/strong> <\/em>for brass and timpani ;\u00a0 <strong><em>Agnus Dei<\/em><\/strong> from <strong>\u201c<em>Polish Requiem<\/em>\u201d<\/strong> (arr. Oskar G. Blarr) for Organ<br \/>\nArvo P\u00e4rt &#8211; <strong><em>Fratres <\/em><\/strong>(arr. B. Briner) ; <strong><em>Spiegel im Spiegel<\/em><\/strong><\/p>\n<p>The opening concert of the series &#8220;BACH. P\u00c4RT. PENDERECKI&#8221; will take place on 11 August at 7PM in <a href=\"https:\/\/maps.app.goo.gl\/PYfFo6ZcLfnmT3Vq7\" target=\"_blank\" rel=\"noopener\">St. John\u2019s Church<\/a>, Riga. Riga visitors are warmly invited to experience the rich sonority of a symphonic wind orchestra under the direction of Valdis But\u0101ns, with Ilze Reine at the organ.<\/p>\n<p>Tickets are available at \u201cBi\u013ce\u0161u parad\u012bze\u201d box offices and <a href=\"https:\/\/www.bilesuparadize.lv\/en\/custompage\/6172\" target=\"_blank\" rel=\"noopener\"><strong>online<\/strong><\/a>, as well as at St. John\u2019s Church, Riga, one hour prior to the concert.<\/p>\n<\/div><\/section><br \/>\n\n<style type=\"text\/css\" data-created_by=\"avia_inline_auto\" id=\"style-css-av-2hge13r-30381ba49828f0a089e46d2b3df0c031\">\n#top .hr.hr-invisible.av-2hge13r-30381ba49828f0a089e46d2b3df0c031{\nheight:20px;\n}\n<\/style>\n<div  class='hr av-2hge13r-30381ba49828f0a089e46d2b3df0c031 hr-invisible  avia-builder-el-9  el_after_av_textblock  el_before_av_button '><span class='hr-inner '><span class=\"hr-inner-style\"><\/span><\/span><\/div><br \/>\n<div  class='avia-button-wrap av-moh50ab9-dc23266fe68d32d6981be0686bbb4bf9-wrap avia-button-left  avia-builder-el-10  el_after_av_hr  el_before_av_hr '><a href='https:\/\/www.bilesuparadize.lv\/en\/custompage\/6172'  class='avia-button av-moh50ab9-dc23266fe68d32d6981be0686bbb4bf9 av-link-btn avia-icon_select-no avia-size-small avia-position-left avia-color-theme-color'  target=\"_blank\"  rel=\"noopener noreferrer\"  aria-label=\"GET TICKETS\"><span class='avia_iconbox_title' >GET TICKETS<\/span><\/a><\/div><br \/>\n\n<style type=\"text\/css\" data-created_by=\"avia_inline_auto\" id=\"style-css-av-88btrr-2051a14f033c45aff5e14b1ce8a1c5a4\">\n#top .hr.hr-invisible.av-88btrr-2051a14f033c45aff5e14b1ce8a1c5a4{\nheight:50px;\n}\n<\/style>\n<div  class='hr av-88btrr-2051a14f033c45aff5e14b1ce8a1c5a4 hr-invisible  avia-builder-el-11  el_after_av_button  el_before_av_social_share '><span class='hr-inner '><span class=\"hr-inner-style\"><\/span><\/span><\/div><br \/>\n<div  class='av-social-sharing-box av-1hb2w6v-70eca5f21613d16d79d384ddbd00bc5d av-social-sharing-box-default  avia-builder-el-12  el_after_av_hr  avia-builder-el-last  av-social-sharing-box-fullwidth'><\/div><\/p><\/div><\/p>\n<\/div><\/div><\/div><!-- close content main div --><\/div><\/div><div id='av_section_1'  class='avia-section av-1agw5jr-04343fecbd5ed3c273e426e9d8c3d404 main_color avia-section-default avia-no-shadow  avia-builder-el-13  el_after_av_one_half  avia-builder-el-last  avia-bg-style-scroll container_wrap fullsize'  ><div class='container av-section-cont-open' ><div class='template-page content  av-content-full alpha units'><div class='post-entry post-entry-type-page post-entry-18135'><div class='entry-content-wrapper clearfix'>\n<section  class='av_textblock_section av-mzirp3-7becf17c5f1e00336893c5cd6f9733c7 '   itemscope=\"itemscope\" itemtype=\"https:\/\/schema.org\/BlogPosting\" itemprop=\"blogPost\" ><div class='avia_textblock'  itemprop=\"text\" ><p class=\"wpcf7-contact-form-not-found\"><strong>Error:<\/strong> Contact form not found.<\/p>\n<\/div><\/section>\n\n","protected":false},"excerpt":{"rendered":"","protected":false},"author":55,"featured_media":18137,"comment_status":"closed","ping_status":"closed","sticky":false,"template":"","format":"standard","meta":{"footnotes":""},"categories":[11],"tags":[],"class_list":["post-18135","post","type-post","status-publish","format-standard","has-post-thumbnail","hentry","category-concerts"],"yoast_head":"<!-- This site is optimized with the Yoast SEO plugin v27.4 - https:\/\/yoast.com\/product\/yoast-seo-wordpress\/ -->\n<title>BACH. P\u00c4RT. PENDERECKI - Or\u0137estris R\u012aGA<\/title>\n<meta name=\"description\" content=\"The opening concert of the series &quot;Summer Classics&quot;. August 11 at 7PM in St. John\u2019s Church, Riga Old Town. Orchestra RIGA, conductor Valdis But\u0101ns, Ilze Reine at the organ.\" \/>\n<meta name=\"robots\" content=\"index, follow, max-snippet:-1, max-image-preview:large, max-video-preview:-1\" \/>\n<link rel=\"canonical\" href=\"https:\/\/orkestris.riga.lv\/en\/bach_part_penderecki\/\" \/>\n<meta property=\"og:locale\" content=\"en_US\" \/>\n<meta property=\"og:type\" content=\"article\" \/>\n<meta property=\"og:title\" content=\"BACH. P\u00c4RT. PENDERECKI - Or\u0137estris R\u012aGA\" \/>\n<meta property=\"og:description\" content=\"The opening concert of the series &quot;Summer Classics&quot;. August 11 at 7PM in St. John\u2019s Church, Riga Old Town. Orchestra RIGA, conductor Valdis But\u0101ns, Ilze Reine at the organ.\" \/>\n<meta property=\"og:url\" content=\"https:\/\/orkestris.riga.lv\/en\/bach_part_penderecki\/\" \/>\n<meta property=\"og:site_name\" content=\"Or\u0137estris R\u012aGA\" \/>\n<meta property=\"article:publisher\" content=\"https:\/\/www.facebook.com\/rigaorchestra\" \/>\n<meta property=\"article:published_time\" content=\"2026-04-27T11:52:49+00:00\" \/>\n<meta property=\"article:modified_time\" content=\"2026-04-27T13:23:09+00:00\" \/>\n<meta property=\"og:image\" content=\"https:\/\/orkestris.riga.lv\/wp-content\/uploads\/2026\/04\/BP_Bahs_Perts_Pendereckis2.jpg\" \/>\n\t<meta property=\"og:image:width\" content=\"740\" \/>\n\t<meta property=\"og:image:height\" content=\"740\" \/>\n\t<meta property=\"og:image:type\" content=\"image\/jpeg\" \/>\n<meta name=\"author\" content=\"Dita Ma\u013cinovska\" \/>\n<meta name=\"twitter:card\" content=\"summary_large_image\" \/>\n<meta name=\"twitter:label1\" content=\"Written by\" \/>\n\t<meta name=\"twitter:data1\" content=\"Dita Ma\u013cinovska\" \/>\n\t<meta name=\"twitter:label2\" content=\"Est. reading time\" \/>\n\t<meta name=\"twitter:data2\" content=\"3 minutes\" \/>\n<script type=\"application\/ld+json\" class=\"yoast-schema-graph\">{\"@context\":\"https:\\\/\\\/schema.org\",\"@graph\":[{\"@type\":\"Article\",\"@id\":\"https:\\\/\\\/orkestris.riga.lv\\\/en\\\/bach_part_penderecki\\\/#article\",\"isPartOf\":{\"@id\":\"https:\\\/\\\/orkestris.riga.lv\\\/en\\\/bach_part_penderecki\\\/\"},\"author\":{\"name\":\"Dita Ma\u013cinovska\",\"@id\":\"https:\\\/\\\/orkestris.riga.lv\\\/en\\\/#\\\/schema\\\/person\\\/a34cb596c2dc13022ca34a96571008e5\"},\"headline\":\"BACH. P\u00c4RT. PENDERECKI\",\"datePublished\":\"2026-04-27T11:52:49+00:00\",\"dateModified\":\"2026-04-27T13:23:09+00:00\",\"mainEntityOfPage\":{\"@id\":\"https:\\\/\\\/orkestris.riga.lv\\\/en\\\/bach_part_penderecki\\\/\"},\"wordCount\":2368,\"publisher\":{\"@id\":\"https:\\\/\\\/orkestris.riga.lv\\\/en\\\/#organization\"},\"image\":{\"@id\":\"https:\\\/\\\/orkestris.riga.lv\\\/en\\\/bach_part_penderecki\\\/#primaryimage\"},\"thumbnailUrl\":\"https:\\\/\\\/orkestris.riga.lv\\\/wp-content\\\/uploads\\\/2026\\\/04\\\/BP_Bahs_Perts_Pendereckis2.jpg\",\"articleSection\":[\"Concerts\"],\"inLanguage\":\"en-US\"},{\"@type\":\"WebPage\",\"@id\":\"https:\\\/\\\/orkestris.riga.lv\\\/en\\\/bach_part_penderecki\\\/\",\"url\":\"https:\\\/\\\/orkestris.riga.lv\\\/en\\\/bach_part_penderecki\\\/\",\"name\":\"BACH. P\u00c4RT. PENDERECKI - Or\u0137estris R\u012aGA\",\"isPartOf\":{\"@id\":\"https:\\\/\\\/orkestris.riga.lv\\\/en\\\/#website\"},\"primaryImageOfPage\":{\"@id\":\"https:\\\/\\\/orkestris.riga.lv\\\/en\\\/bach_part_penderecki\\\/#primaryimage\"},\"image\":{\"@id\":\"https:\\\/\\\/orkestris.riga.lv\\\/en\\\/bach_part_penderecki\\\/#primaryimage\"},\"thumbnailUrl\":\"https:\\\/\\\/orkestris.riga.lv\\\/wp-content\\\/uploads\\\/2026\\\/04\\\/BP_Bahs_Perts_Pendereckis2.jpg\",\"datePublished\":\"2026-04-27T11:52:49+00:00\",\"dateModified\":\"2026-04-27T13:23:09+00:00\",\"description\":\"The opening concert of the series \\\"Summer Classics\\\". August 11 at 7PM in St. John\u2019s Church, Riga Old Town. Orchestra RIGA, conductor Valdis But\u0101ns, Ilze Reine at the organ.\",\"breadcrumb\":{\"@id\":\"https:\\\/\\\/orkestris.riga.lv\\\/en\\\/bach_part_penderecki\\\/#breadcrumb\"},\"inLanguage\":\"en-US\",\"potentialAction\":[{\"@type\":\"ReadAction\",\"target\":[\"https:\\\/\\\/orkestris.riga.lv\\\/en\\\/bach_part_penderecki\\\/\"]}]},{\"@type\":\"ImageObject\",\"inLanguage\":\"en-US\",\"@id\":\"https:\\\/\\\/orkestris.riga.lv\\\/en\\\/bach_part_penderecki\\\/#primaryimage\",\"url\":\"https:\\\/\\\/orkestris.riga.lv\\\/wp-content\\\/uploads\\\/2026\\\/04\\\/BP_Bahs_Perts_Pendereckis2.jpg\",\"contentUrl\":\"https:\\\/\\\/orkestris.riga.lv\\\/wp-content\\\/uploads\\\/2026\\\/04\\\/BP_Bahs_Perts_Pendereckis2.jpg\",\"width\":740,\"height\":740},{\"@type\":\"BreadcrumbList\",\"@id\":\"https:\\\/\\\/orkestris.riga.lv\\\/en\\\/bach_part_penderecki\\\/#breadcrumb\",\"itemListElement\":[{\"@type\":\"ListItem\",\"position\":1,\"name\":\"Home\",\"item\":\"https:\\\/\\\/orkestris.riga.lv\\\/en\\\/\"},{\"@type\":\"ListItem\",\"position\":2,\"name\":\"BACH. P\u00c4RT. PENDERECKI\"}]},{\"@type\":\"WebSite\",\"@id\":\"https:\\\/\\\/orkestris.riga.lv\\\/en\\\/#website\",\"url\":\"https:\\\/\\\/orkestris.riga.lv\\\/en\\\/\",\"name\":\"Or\u0137estris R\u012aGA\",\"description\":\"Orchestra RIGA\",\"publisher\":{\"@id\":\"https:\\\/\\\/orkestris.riga.lv\\\/en\\\/#organization\"},\"potentialAction\":[{\"@type\":\"SearchAction\",\"target\":{\"@type\":\"EntryPoint\",\"urlTemplate\":\"https:\\\/\\\/orkestris.riga.lv\\\/en\\\/?s={search_term_string}\"},\"query-input\":{\"@type\":\"PropertyValueSpecification\",\"valueRequired\":true,\"valueName\":\"search_term_string\"}}],\"inLanguage\":\"en-US\"},{\"@type\":\"Organization\",\"@id\":\"https:\\\/\\\/orkestris.riga.lv\\\/en\\\/#organization\",\"name\":\"Or\u0137estris R\u012aGA\",\"url\":\"https:\\\/\\\/orkestris.riga.lv\\\/en\\\/\",\"logo\":{\"@type\":\"ImageObject\",\"inLanguage\":\"en-US\",\"@id\":\"https:\\\/\\\/orkestris.riga.lv\\\/en\\\/#\\\/schema\\\/logo\\\/image\\\/\",\"url\":\"https:\\\/\\\/orkestris.riga.lv\\\/wp-content\\\/uploads\\\/2025\\\/01\\\/orkestris_riga_logo.png\",\"contentUrl\":\"https:\\\/\\\/orkestris.riga.lv\\\/wp-content\\\/uploads\\\/2025\\\/01\\\/orkestris_riga_logo.png\",\"width\":1200,\"height\":505,\"caption\":\"Or\u0137estris R\u012aGA\"},\"image\":{\"@id\":\"https:\\\/\\\/orkestris.riga.lv\\\/en\\\/#\\\/schema\\\/logo\\\/image\\\/\"},\"sameAs\":[\"https:\\\/\\\/www.facebook.com\\\/rigaorchestra\",\"https:\\\/\\\/www.youtube.com\\\/rigaorchestra\",\"https:\\\/\\\/www.instagram.com\\\/rigaorchestra\"]},{\"@type\":\"Person\",\"@id\":\"https:\\\/\\\/orkestris.riga.lv\\\/en\\\/#\\\/schema\\\/person\\\/a34cb596c2dc13022ca34a96571008e5\",\"name\":\"Dita Ma\u013cinovska\",\"image\":{\"@type\":\"ImageObject\",\"inLanguage\":\"en-US\",\"@id\":\"https:\\\/\\\/secure.gravatar.com\\\/avatar\\\/70b30996a9d5342e30fdb9c6cedd0fe00ac2a7bc0dfc54d604b66609cb4b09bc?s=96&d=mm&r=g\",\"url\":\"https:\\\/\\\/secure.gravatar.com\\\/avatar\\\/70b30996a9d5342e30fdb9c6cedd0fe00ac2a7bc0dfc54d604b66609cb4b09bc?s=96&d=mm&r=g\",\"contentUrl\":\"https:\\\/\\\/secure.gravatar.com\\\/avatar\\\/70b30996a9d5342e30fdb9c6cedd0fe00ac2a7bc0dfc54d604b66609cb4b09bc?s=96&d=mm&r=g\",\"caption\":\"Dita Ma\u013cinovska\"},\"url\":\"https:\\\/\\\/orkestris.riga.lv\\\/en\\\/author\\\/dita-malinovska\\\/\"}]}<\/script>\n<!-- \/ Yoast SEO plugin. -->","yoast_head_json":{"title":"BACH. P\u00c4RT. PENDERECKI - Or\u0137estris R\u012aGA","description":"The opening concert of the series \"Summer Classics\". August 11 at 7PM in St. John\u2019s Church, Riga Old Town. Orchestra RIGA, conductor Valdis But\u0101ns, Ilze Reine at the organ.","robots":{"index":"index","follow":"follow","max-snippet":"max-snippet:-1","max-image-preview":"max-image-preview:large","max-video-preview":"max-video-preview:-1"},"canonical":"https:\/\/orkestris.riga.lv\/en\/bach_part_penderecki\/","og_locale":"en_US","og_type":"article","og_title":"BACH. P\u00c4RT. PENDERECKI - Or\u0137estris R\u012aGA","og_description":"The opening concert of the series \"Summer Classics\". August 11 at 7PM in St. John\u2019s Church, Riga Old Town. Orchestra RIGA, conductor Valdis But\u0101ns, Ilze Reine at the organ.","og_url":"https:\/\/orkestris.riga.lv\/en\/bach_part_penderecki\/","og_site_name":"Or\u0137estris R\u012aGA","article_publisher":"https:\/\/www.facebook.com\/rigaorchestra","article_published_time":"2026-04-27T11:52:49+00:00","article_modified_time":"2026-04-27T13:23:09+00:00","og_image":[{"width":740,"height":740,"url":"https:\/\/orkestris.riga.lv\/wp-content\/uploads\/2026\/04\/BP_Bahs_Perts_Pendereckis2.jpg","type":"image\/jpeg"}],"author":"Dita Ma\u013cinovska","twitter_card":"summary_large_image","twitter_misc":{"Written by":"Dita Ma\u013cinovska","Est. reading time":"3 minutes"},"schema":{"@context":"https:\/\/schema.org","@graph":[{"@type":"Article","@id":"https:\/\/orkestris.riga.lv\/en\/bach_part_penderecki\/#article","isPartOf":{"@id":"https:\/\/orkestris.riga.lv\/en\/bach_part_penderecki\/"},"author":{"name":"Dita Ma\u013cinovska","@id":"https:\/\/orkestris.riga.lv\/en\/#\/schema\/person\/a34cb596c2dc13022ca34a96571008e5"},"headline":"BACH. P\u00c4RT. PENDERECKI","datePublished":"2026-04-27T11:52:49+00:00","dateModified":"2026-04-27T13:23:09+00:00","mainEntityOfPage":{"@id":"https:\/\/orkestris.riga.lv\/en\/bach_part_penderecki\/"},"wordCount":2368,"publisher":{"@id":"https:\/\/orkestris.riga.lv\/en\/#organization"},"image":{"@id":"https:\/\/orkestris.riga.lv\/en\/bach_part_penderecki\/#primaryimage"},"thumbnailUrl":"https:\/\/orkestris.riga.lv\/wp-content\/uploads\/2026\/04\/BP_Bahs_Perts_Pendereckis2.jpg","articleSection":["Concerts"],"inLanguage":"en-US"},{"@type":"WebPage","@id":"https:\/\/orkestris.riga.lv\/en\/bach_part_penderecki\/","url":"https:\/\/orkestris.riga.lv\/en\/bach_part_penderecki\/","name":"BACH. P\u00c4RT. PENDERECKI - Or\u0137estris R\u012aGA","isPartOf":{"@id":"https:\/\/orkestris.riga.lv\/en\/#website"},"primaryImageOfPage":{"@id":"https:\/\/orkestris.riga.lv\/en\/bach_part_penderecki\/#primaryimage"},"image":{"@id":"https:\/\/orkestris.riga.lv\/en\/bach_part_penderecki\/#primaryimage"},"thumbnailUrl":"https:\/\/orkestris.riga.lv\/wp-content\/uploads\/2026\/04\/BP_Bahs_Perts_Pendereckis2.jpg","datePublished":"2026-04-27T11:52:49+00:00","dateModified":"2026-04-27T13:23:09+00:00","description":"The opening concert of the series \"Summer Classics\". August 11 at 7PM in St. John\u2019s Church, Riga Old Town. Orchestra RIGA, conductor Valdis But\u0101ns, Ilze Reine at the organ.","breadcrumb":{"@id":"https:\/\/orkestris.riga.lv\/en\/bach_part_penderecki\/#breadcrumb"},"inLanguage":"en-US","potentialAction":[{"@type":"ReadAction","target":["https:\/\/orkestris.riga.lv\/en\/bach_part_penderecki\/"]}]},{"@type":"ImageObject","inLanguage":"en-US","@id":"https:\/\/orkestris.riga.lv\/en\/bach_part_penderecki\/#primaryimage","url":"https:\/\/orkestris.riga.lv\/wp-content\/uploads\/2026\/04\/BP_Bahs_Perts_Pendereckis2.jpg","contentUrl":"https:\/\/orkestris.riga.lv\/wp-content\/uploads\/2026\/04\/BP_Bahs_Perts_Pendereckis2.jpg","width":740,"height":740},{"@type":"BreadcrumbList","@id":"https:\/\/orkestris.riga.lv\/en\/bach_part_penderecki\/#breadcrumb","itemListElement":[{"@type":"ListItem","position":1,"name":"Home","item":"https:\/\/orkestris.riga.lv\/en\/"},{"@type":"ListItem","position":2,"name":"BACH. P\u00c4RT. PENDERECKI"}]},{"@type":"WebSite","@id":"https:\/\/orkestris.riga.lv\/en\/#website","url":"https:\/\/orkestris.riga.lv\/en\/","name":"Or\u0137estris R\u012aGA","description":"Orchestra RIGA","publisher":{"@id":"https:\/\/orkestris.riga.lv\/en\/#organization"},"potentialAction":[{"@type":"SearchAction","target":{"@type":"EntryPoint","urlTemplate":"https:\/\/orkestris.riga.lv\/en\/?s={search_term_string}"},"query-input":{"@type":"PropertyValueSpecification","valueRequired":true,"valueName":"search_term_string"}}],"inLanguage":"en-US"},{"@type":"Organization","@id":"https:\/\/orkestris.riga.lv\/en\/#organization","name":"Or\u0137estris R\u012aGA","url":"https:\/\/orkestris.riga.lv\/en\/","logo":{"@type":"ImageObject","inLanguage":"en-US","@id":"https:\/\/orkestris.riga.lv\/en\/#\/schema\/logo\/image\/","url":"https:\/\/orkestris.riga.lv\/wp-content\/uploads\/2025\/01\/orkestris_riga_logo.png","contentUrl":"https:\/\/orkestris.riga.lv\/wp-content\/uploads\/2025\/01\/orkestris_riga_logo.png","width":1200,"height":505,"caption":"Or\u0137estris R\u012aGA"},"image":{"@id":"https:\/\/orkestris.riga.lv\/en\/#\/schema\/logo\/image\/"},"sameAs":["https:\/\/www.facebook.com\/rigaorchestra","https:\/\/www.youtube.com\/rigaorchestra","https:\/\/www.instagram.com\/rigaorchestra"]},{"@type":"Person","@id":"https:\/\/orkestris.riga.lv\/en\/#\/schema\/person\/a34cb596c2dc13022ca34a96571008e5","name":"Dita Ma\u013cinovska","image":{"@type":"ImageObject","inLanguage":"en-US","@id":"https:\/\/secure.gravatar.com\/avatar\/70b30996a9d5342e30fdb9c6cedd0fe00ac2a7bc0dfc54d604b66609cb4b09bc?s=96&d=mm&r=g","url":"https:\/\/secure.gravatar.com\/avatar\/70b30996a9d5342e30fdb9c6cedd0fe00ac2a7bc0dfc54d604b66609cb4b09bc?s=96&d=mm&r=g","contentUrl":"https:\/\/secure.gravatar.com\/avatar\/70b30996a9d5342e30fdb9c6cedd0fe00ac2a7bc0dfc54d604b66609cb4b09bc?s=96&d=mm&r=g","caption":"Dita Ma\u013cinovska"},"url":"https:\/\/orkestris.riga.lv\/en\/author\/dita-malinovska\/"}]}},"_links":{"self":[{"href":"https:\/\/orkestris.riga.lv\/en\/wp-json\/wp\/v2\/posts\/18135","targetHints":{"allow":["GET"]}}],"collection":[{"href":"https:\/\/orkestris.riga.lv\/en\/wp-json\/wp\/v2\/posts"}],"about":[{"href":"https:\/\/orkestris.riga.lv\/en\/wp-json\/wp\/v2\/types\/post"}],"author":[{"embeddable":true,"href":"https:\/\/orkestris.riga.lv\/en\/wp-json\/wp\/v2\/users\/55"}],"replies":[{"embeddable":true,"href":"https:\/\/orkestris.riga.lv\/en\/wp-json\/wp\/v2\/comments?post=18135"}],"version-history":[{"count":9,"href":"https:\/\/orkestris.riga.lv\/en\/wp-json\/wp\/v2\/posts\/18135\/revisions"}],"predecessor-version":[{"id":18168,"href":"https:\/\/orkestris.riga.lv\/en\/wp-json\/wp\/v2\/posts\/18135\/revisions\/18168"}],"wp:featuredmedia":[{"embeddable":true,"href":"https:\/\/orkestris.riga.lv\/en\/wp-json\/wp\/v2\/media\/18137"}],"wp:attachment":[{"href":"https:\/\/orkestris.riga.lv\/en\/wp-json\/wp\/v2\/media?parent=18135"}],"wp:term":[{"taxonomy":"category","embeddable":true,"href":"https:\/\/orkestris.riga.lv\/en\/wp-json\/wp\/v2\/categories?post=18135"},{"taxonomy":"post_tag","embeddable":true,"href":"https:\/\/orkestris.riga.lv\/en\/wp-json\/wp\/v2\/tags?post=18135"}],"curies":[{"name":"wp","href":"https:\/\/api.w.org\/{rel}","templated":true}]}}