{"id":5056,"date":"2018-05-29T10:04:45","date_gmt":"2018-05-29T07:04:45","guid":{"rendered":"http:\/\/orkestris.riga.lv?p=5056"},"modified":"2018-05-29T11:03:29","modified_gmt":"2018-05-29T08:03:29","slug":"season-opening-concert-2","status":"publish","type":"post","link":"https:\/\/orkestris.riga.lv\/en\/season-opening-concert-2\/","title":{"rendered":"SEASON OPENING CONCERT"},"content":{"rendered":"\n<style type=\"text\/css\" data-created_by=\"avia_inline_auto\" id=\"style-css-av-av_heading-8cd1ff4bafc8a3b680154d5443485525\">\n#top .av-special-heading.av-av_heading-8cd1ff4bafc8a3b680154d5443485525{\npadding-bottom:30px;\n}\nbody .av-special-heading.av-av_heading-8cd1ff4bafc8a3b680154d5443485525 .av-special-heading-tag .heading-char{\nfont-size:25px;\n}\n.av-special-heading.av-av_heading-8cd1ff4bafc8a3b680154d5443485525 .av-subheading{\nfont-size:15px;\n}\n<\/style>\n<div  class='av-special-heading av-av_heading-8cd1ff4bafc8a3b680154d5443485525 av-special-heading-h1 blockquote modern-quote  avia-builder-el-0  el_before_av_one_half  avia-builder-el-first '><h1 class='av-special-heading-tag '  itemprop=\"headline\"  >SEASON OPENING CONCERT<\/h1><div class=\"special-heading-border\"><div class=\"special-heading-inner-border\"><\/div><\/div><\/div>\n\n<style type=\"text\/css\" data-created_by=\"avia_inline_auto\" id=\"style-css-av-av_one_half-352b07ef7d3bc99b2e9f92e7a9e06bdb\">\n.flex_column.av-av_one_half-352b07ef7d3bc99b2e9f92e7a9e06bdb{\nborder-radius:0px 0px 0px 0px;\npadding:0px 0px 0px 0px;\n}\n<\/style>\n<div  class='flex_column av-av_one_half-352b07ef7d3bc99b2e9f92e7a9e06bdb av_one_half  avia-builder-el-1  el_after_av_heading  el_before_av_one_half  first flex_column_div av-zero-column-padding  '     ><p>\n<style type=\"text\/css\" data-created_by=\"avia_inline_auto\" id=\"style-css-av-av_image-4d40e6d39a0c2d3e57494351b9b689cc\">\n.avia-image-container.av-av_image-4d40e6d39a0c2d3e57494351b9b689cc img.avia_image{\nbox-shadow:none;\n}\n.avia-image-container.av-av_image-4d40e6d39a0c2d3e57494351b9b689cc .av-image-caption-overlay-center{\ncolor:#ffffff;\n}\n<\/style>\n<div  class='avia-image-container av-av_image-4d40e6d39a0c2d3e57494351b9b689cc av-styling- av-img-linked avia-align-center  avia-builder-el-2  el_before_av_gallery  avia-builder-el-first '   itemprop=\"image\" itemscope=\"itemscope\" itemtype=\"https:\/\/schema.org\/ImageObject\" ><div class=\"avia-image-container-inner\"><div class=\"avia-image-overlay-wrap\"><a href=\"https:\/\/orkestris.riga.lv\/wp-content\/uploads\/2017\/12\/Valdis-Butans_Foto-D.Sulzics-1030x689.jpg\" data-srcset=\"https:\/\/orkestris.riga.lv\/wp-content\/uploads\/2017\/12\/Valdis-Butans_Foto-D.Sulzics-1030x689.jpg 1030w, https:\/\/orkestris.riga.lv\/wp-content\/uploads\/2017\/12\/Valdis-Butans_Foto-D.Sulzics-300x201.jpg 300w, https:\/\/orkestris.riga.lv\/wp-content\/uploads\/2017\/12\/Valdis-Butans_Foto-D.Sulzics-768x514.jpg 768w, https:\/\/orkestris.riga.lv\/wp-content\/uploads\/2017\/12\/Valdis-Butans_Foto-D.Sulzics-1500x1004.jpg 1500w, https:\/\/orkestris.riga.lv\/wp-content\/uploads\/2017\/12\/Valdis-Butans_Foto-D.Sulzics-705x472.jpg 705w, https:\/\/orkestris.riga.lv\/wp-content\/uploads\/2017\/12\/Valdis-Butans_Foto-D.Sulzics-450x301.jpg 450w, https:\/\/orkestris.riga.lv\/wp-content\/uploads\/2017\/12\/Valdis-Butans_Foto-D.Sulzics.jpg 1520w\" data-sizes=\"(max-width: 1030px) 100vw, 1030px\" class='avia_image '  aria-label='Gilde_Rita_celiens_20170504'><img decoding=\"async\" fetchpriority=\"high\" class='wp-image-4234 avia-img-lazy-loading-not-4234 avia_image ' src=\"https:\/\/orkestris.riga.lv\/wp-content\/uploads\/2017\/12\/Valdis-Butans_Foto-D.Sulzics-300x201.jpg\" alt='' title='Gilde_Rita_celiens_20170504'  height=\"201\" width=\"300\"  itemprop=\"thumbnailUrl\" srcset=\"https:\/\/orkestris.riga.lv\/wp-content\/uploads\/2017\/12\/Valdis-Butans_Foto-D.Sulzics-300x201.jpg 300w, https:\/\/orkestris.riga.lv\/wp-content\/uploads\/2017\/12\/Valdis-Butans_Foto-D.Sulzics-768x514.jpg 768w, https:\/\/orkestris.riga.lv\/wp-content\/uploads\/2017\/12\/Valdis-Butans_Foto-D.Sulzics-1030x689.jpg 1030w, https:\/\/orkestris.riga.lv\/wp-content\/uploads\/2017\/12\/Valdis-Butans_Foto-D.Sulzics-1500x1004.jpg 1500w, https:\/\/orkestris.riga.lv\/wp-content\/uploads\/2017\/12\/Valdis-Butans_Foto-D.Sulzics-705x472.jpg 705w, https:\/\/orkestris.riga.lv\/wp-content\/uploads\/2017\/12\/Valdis-Butans_Foto-D.Sulzics-450x301.jpg 450w, https:\/\/orkestris.riga.lv\/wp-content\/uploads\/2017\/12\/Valdis-Butans_Foto-D.Sulzics.jpg 1520w\" sizes=\"(max-width: 300px) 100vw, 300px\" \/><\/a><\/div><\/div><\/div><br \/>\n\n<style type=\"text\/css\" data-created_by=\"avia_inline_auto\" id=\"style-css-av-av_gallery-b7ab105eef73c257d6335c8c3125d0af\">\n#top .avia-gallery.av-av_gallery-b7ab105eef73c257d6335c8c3125d0af .avia-gallery-thumb a{\nwidth:20%;\n}\n<\/style>\n<div  class='avia-gallery av-av_gallery-b7ab105eef73c257d6335c8c3125d0af avia_animate_when_visible  avia-builder-el-3  el_after_av_image  avia-builder-el-last  avia_lazyload avia-gallery-animate avia-gallery-1'  itemprop=\"image\" itemscope=\"itemscope\" itemtype=\"https:\/\/schema.org\/ImageObject\" ><meta itemprop=\"contentURL\" content=\"https:\/\/orkestris.riga.lv\/en\/season-opening-concert-2\/\"><div class='avia-gallery-thumb'><a href=\"https:\/\/orkestris.riga.lv\/wp-content\/uploads\/2018\/02\/IMG_2613.jpg\" data-srcset=\"https:\/\/orkestris.riga.lv\/wp-content\/uploads\/2018\/02\/IMG_2613.jpg 1024w, https:\/\/orkestris.riga.lv\/wp-content\/uploads\/2018\/02\/IMG_2613-300x200.jpg 300w, https:\/\/orkestris.riga.lv\/wp-content\/uploads\/2018\/02\/IMG_2613-768x512.jpg 768w, https:\/\/orkestris.riga.lv\/wp-content\/uploads\/2018\/02\/IMG_2613-705x470.jpg 705w, https:\/\/orkestris.riga.lv\/wp-content\/uploads\/2018\/02\/IMG_2613-450x300.jpg 450w\" data-sizes=\"(max-width: 1024px) 100vw, 1024px\" data-rel='gallery-1' data-prev-img='https:\/\/orkestris.riga.lv\/wp-content\/uploads\/2018\/02\/IMG_2613-495x400.jpg' class='first_thumb lightbox ' data-onclick='1' title='Orchestra RIGA &#8211; Photo J\u0101nis Porietis'  itemprop=\"thumbnailUrl\"  ><img decoding=\"async\" fetchpriority=\"high\" class=\"wp-image-4306 avia-img-lazy-loading-not-4306\"  data-avia-tooltip='Orchestra RIGA &#8211; Photo J\u0101nis Porietis' src=\"https:\/\/orkestris.riga.lv\/wp-content\/uploads\/2018\/02\/IMG_2613-495x400.jpg\" width=\"495\" height=\"400\"  title='IMG_2613' alt='' srcset=\"https:\/\/orkestris.riga.lv\/wp-content\/uploads\/2018\/02\/IMG_2613-495x400.jpg 495w, https:\/\/orkestris.riga.lv\/wp-content\/uploads\/2018\/02\/IMG_2613-845x683.jpg 845w\" sizes=\"(max-width: 495px) 100vw, 495px\" \/><div class='big-prev-fake'><img decoding=\"async\" loading=\"lazy\" class=\"wp-image-4306 avia-img-lazy-loading-4306\"  width=\"495\" height=\"400\" src=\"https:\/\/orkestris.riga.lv\/wp-content\/uploads\/2018\/02\/IMG_2613-495x400.jpg\" title='IMG_2613' alt='' srcset=\"https:\/\/orkestris.riga.lv\/wp-content\/uploads\/2018\/02\/IMG_2613-495x400.jpg 495w, https:\/\/orkestris.riga.lv\/wp-content\/uploads\/2018\/02\/IMG_2613-845x683.jpg 845w\" sizes=\"auto, (max-width: 495px) 100vw, 495px\" \/><\/div><\/a><a href=\"https:\/\/orkestris.riga.lv\/wp-content\/uploads\/2018\/05\/IMG_6755-Edit-2-1030x579.jpg\" data-srcset=\"https:\/\/orkestris.riga.lv\/wp-content\/uploads\/2018\/05\/IMG_6755-Edit-2-1030x579.jpg 1030w, https:\/\/orkestris.riga.lv\/wp-content\/uploads\/2018\/05\/IMG_6755-Edit-2-300x169.jpg 300w, https:\/\/orkestris.riga.lv\/wp-content\/uploads\/2018\/05\/IMG_6755-Edit-2-768x432.jpg 768w, https:\/\/orkestris.riga.lv\/wp-content\/uploads\/2018\/05\/IMG_6755-Edit-2-1500x844.jpg 1500w, https:\/\/orkestris.riga.lv\/wp-content\/uploads\/2018\/05\/IMG_6755-Edit-2-705x397.jpg 705w, https:\/\/orkestris.riga.lv\/wp-content\/uploads\/2018\/05\/IMG_6755-Edit-2-450x253.jpg 450w\" data-sizes=\"(max-width: 1030px) 100vw, 1030px\" data-rel='gallery-1' data-prev-img='https:\/\/orkestris.riga.lv\/wp-content\/uploads\/2018\/05\/IMG_6755-Edit-2-495x400.jpg' class='lightbox ' data-onclick='2' title='Trio Art-i-Shock'  itemprop=\"thumbnailUrl\"  ><img decoding=\"async\" fetchpriority=\"high\" class=\"wp-image-5060 avia-img-lazy-loading-not-5060\"  data-avia-tooltip='Trio Art-i-Shock' src=\"https:\/\/orkestris.riga.lv\/wp-content\/uploads\/2018\/05\/IMG_6755-Edit-2-495x400.jpg\" width=\"495\" height=\"400\"  title='IMG_6755-Edit-2' alt='' srcset=\"https:\/\/orkestris.riga.lv\/wp-content\/uploads\/2018\/05\/IMG_6755-Edit-2-495x400.jpg 495w, https:\/\/orkestris.riga.lv\/wp-content\/uploads\/2018\/05\/IMG_6755-Edit-2-845x684.jpg 845w\" sizes=\"(max-width: 495px) 100vw, 495px\" \/><div class='big-prev-fake'><img decoding=\"async\" loading=\"lazy\" class=\"wp-image-5060 avia-img-lazy-loading-5060\"  width=\"495\" height=\"400\" src=\"https:\/\/orkestris.riga.lv\/wp-content\/uploads\/2018\/05\/IMG_6755-Edit-2-495x400.jpg\" title='IMG_6755-Edit-2' alt='' srcset=\"https:\/\/orkestris.riga.lv\/wp-content\/uploads\/2018\/05\/IMG_6755-Edit-2-495x400.jpg 495w, https:\/\/orkestris.riga.lv\/wp-content\/uploads\/2018\/05\/IMG_6755-Edit-2-845x684.jpg 845w\" sizes=\"auto, (max-width: 495px) 100vw, 495px\" \/><\/div><\/a><\/div><\/div><\/p><\/div>\n<style type=\"text\/css\" data-created_by=\"avia_inline_auto\" id=\"style-css-av-av_one_half-2a64de42b738552fe666ca889af77e28\">\n.flex_column.av-av_one_half-2a64de42b738552fe666ca889af77e28{\nborder-radius:0px 0px 0px 0px;\npadding:0px 0px 0px 0px;\n}\n<\/style>\n<div  class='flex_column av-av_one_half-2a64de42b738552fe666ca889af77e28 av_one_half  avia-builder-el-4  el_after_av_one_half  el_before_av_gallery  flex_column_div av-zero-column-padding  '     ><p><div class='avia-data-table-wrap av-av_table-79567314f19fdf27597651e950bcbb3a avia_responsive_table avia-table-1'><table  class='avia-table avia-data-table avia_pricing_default  avia-builder-el-5  el_before_av_textblock  avia-builder-el-first '  itemscope=\"itemscope\" itemtype=\"https:\/\/schema.org\/Table\" ><tbody><tr class='avia-heading-row'><th class='avia-center-col'>27 SEP<\/th><th class='avia-center-col'>19.00, Thursday<\/th><\/tr><tr class=''><td class='avia-center-col'>Ticket price<\/td><td class='avia-center-col'>15\u20ac<br \/>\n12\u20ac<br \/>\n10\u20ac<br \/>\n7\u20ac<br \/>\n5\u20ac<\/td><\/tr><tr class=''><td class='avia-center-col'>Location<\/td><td class='avia-center-col'>Great Guild Concert Hall<\/td><\/tr><\/tbody><\/table><\/div><style type='text\/css'>.avia-table-1 td:nth-of-type(1):before { content: '27 SEP'; } .avia-table-1 td:nth-of-type(2):before { content: '19.00, Thursday'; } <\/style><br \/>\n<section  class='av_textblock_section av-av_textblock-0366cc7376be6c9e82a3e9cc8987b64f '   itemscope=\"itemscope\" itemtype=\"https:\/\/schema.org\/BlogPosting\" itemprop=\"blogPost\" ><div class='avia_textblock'  itemprop=\"text\" ><section class=\"av_textblock_section\">\n<div class=\"avia_textblock \">\n<p>Orchestra <em>RIGA<\/em><\/p>\n<p>Conductor\u00a0 <strong>Valdis But\u0101ns<\/strong><\/p>\n<p>Trio <strong>Art-i-Shock<\/strong>: El\u012bna Endzele (percussion), Guna \u0160n\u0113 (cello), Agnese Egli\u0146a (piano)<\/p>\n<p><strong>Programme:<\/strong><\/p>\n<p>Rihards\u00a0Dubra \u2013 <em>Divertissement No. 4<\/em><\/p>\n<p>Andris Vecumnieks \u2013 <em>Concertino ART \u2013i \u2013SHOCK<\/em><\/p>\n<p>Thomass Doss \u2013 <em>Zeppelin Symphony<\/em><\/p>\n<p style=\"padding-left: 30px;\">I <em>Id\u00e9e fixe<\/em><br \/>\nII <em>Maschinen<\/em><br \/>\nIII <em>Der Wal am Himmel<\/em><br \/>\nIV <em>Reinkarnation<\/em><\/p>\n<p>Tickets \u2013 <em><a href=\"http:\/\/www.bilesuparadize.lv\">www.bilesuparadize.lv<\/a>\u00a0\u00a0<\/em><\/p>\n<\/div>\n<\/section>\n<\/div><\/section><br \/>\n\n<style type=\"text\/css\" data-created_by=\"avia_inline_auto\" id=\"style-css-av-av_hr-a6de236e6c183bbbd700292deacd2b52\">\n#top .hr.hr-invisible.av-av_hr-a6de236e6c183bbbd700292deacd2b52{\nheight:20px;\n}\n<\/style>\n<div  class='hr av-av_hr-a6de236e6c183bbbd700292deacd2b52 hr-invisible  avia-builder-el-7  el_after_av_textblock  el_before_av_button '><span class='hr-inner '><span class=\"hr-inner-style\"><\/span><\/span><\/div><br \/>\n<div  class='avia-button-wrap av-av_button-60008da20738644423f308d9636ef5b1-wrap avia-button-left  avia-builder-el-8  el_after_av_hr  el_before_av_hr '><a href='https:\/\/www.bilesuparadize.lv\/events\/event\/65299'  class='avia-button av-av_button-60008da20738644423f308d9636ef5b1 av-link-btn avia-icon_select-no avia-size-small avia-position-left avia-color-theme-color'  target=\"_blank\"  rel=\"noopener noreferrer\"  aria-label=\"BUY TICKETS\"><span class='avia_iconbox_title' >BUY TICKETS<\/span><\/a><\/div><br \/>\n\n<style type=\"text\/css\" data-created_by=\"avia_inline_auto\" id=\"style-css-av-av_hr-0688d0b0b6ed2f8b057db7a8270206df\">\n#top .hr.hr-invisible.av-av_hr-0688d0b0b6ed2f8b057db7a8270206df{\nheight:50px;\n}\n<\/style>\n<div  class='hr av-av_hr-0688d0b0b6ed2f8b057db7a8270206df hr-invisible  avia-builder-el-9  el_after_av_button  el_before_av_social_share '><span class='hr-inner '><span class=\"hr-inner-style\"><\/span><\/span><\/div><br \/>\n<div  class='av-social-sharing-box av-av_social_share-9e76c3a3d696a767864f78fc4d816411 av-social-sharing-box-default  avia-builder-el-10  el_after_av_hr  avia-builder-el-last  av-social-sharing-box-fullwidth'><\/div><\/p><\/div><\/p>\n\n<style type=\"text\/css\" data-created_by=\"avia_inline_auto\" id=\"style-css-av-av_gallery-2321a05ea5c2c8bc0d0ad80a97490a11\">\n#top .avia-gallery.av-av_gallery-2321a05ea5c2c8bc0d0ad80a97490a11 .avia-gallery-thumb a{\nwidth:20%;\n}\n<\/style>\n<div  class='avia-gallery av-av_gallery-2321a05ea5c2c8bc0d0ad80a97490a11 avia_animate_when_visible  avia-builder-el-11  el_after_av_one_half  avia-builder-el-last  avia_lazyload avia-gallery-animate avia-gallery-2'  itemprop=\"image\" itemscope=\"itemscope\" itemtype=\"https:\/\/schema.org\/ImageObject\" ><meta itemprop=\"contentURL\" content=\"https:\/\/orkestris.riga.lv\/en\/season-opening-concert-2\/\"><div class='avia-gallery-thumb'><a href=\"https:\/\/orkestris.riga.lv\/wp-content\/uploads\/2015\/09\/orkestris-riga-logo-lv.png\" data-rel='gallery-2' data-prev-img='https:\/\/orkestris.riga.lv\/wp-content\/uploads\/2015\/09\/orkestris-riga-logo-lv.png' class='first_thumb 5 ' data-onclick='1' title='orkestris-riga-logo-lv'  itemprop=\"thumbnailUrl\"  ><img decoding=\"async\" fetchpriority=\"high\" class=\"wp-image-9 avia-img-lazy-loading-not-9\"   src=\"https:\/\/orkestris.riga.lv\/wp-content\/uploads\/2015\/09\/orkestris-riga-logo-lv.png\" width=\"214\" height=\"68\"  title='orkestris-riga-logo-lv' alt='' \/><div class='big-prev-fake'><img decoding=\"async\" loading=\"lazy\" class=\"wp-image-9 avia-img-lazy-loading-9\"  width=\"214\" height=\"68\" src=\"https:\/\/orkestris.riga.lv\/wp-content\/uploads\/2015\/09\/orkestris-riga-logo-lv.png\" title='orkestris-riga-logo-lv' alt='' \/><\/div><\/a><a href=\"https:\/\/orkestris.riga.lv\/wp-content\/uploads\/2015\/09\/orkestris-riga-logo-lv.png\" data-rel='gallery-2' data-prev-img='https:\/\/orkestris.riga.lv\/wp-content\/uploads\/2015\/09\/orkestris-riga-logo-lv.png' class='5 ' data-onclick='2' title='orkestris-riga-logo-lv'  itemprop=\"thumbnailUrl\"  ><img decoding=\"async\" fetchpriority=\"high\" class=\"wp-image-601 avia-img-lazy-loading-not-601\"   src=\"https:\/\/orkestris.riga.lv\/wp-content\/uploads\/2015\/09\/orkestris-riga-logo-lv.png\" width=\"214\" height=\"68\"  title='orkestris-riga-logo-lv' alt='' \/><div class='big-prev-fake'><img decoding=\"async\" loading=\"lazy\" class=\"wp-image-601 avia-img-lazy-loading-601\"  width=\"214\" height=\"68\" src=\"https:\/\/orkestris.riga.lv\/wp-content\/uploads\/2015\/09\/orkestris-riga-logo-lv.png\" title='orkestris-riga-logo-lv' alt='' \/><\/div><\/a><a href=\"https:\/\/orkestris.riga.lv\/wp-content\/uploads\/2015\/09\/IMG_8019_orkestris.jpg\" data-rel='gallery-2' data-prev-img='https:\/\/orkestris.riga.lv\/wp-content\/uploads\/2015\/09\/IMG_8019_orkestris.jpg' class='5 ' data-onclick='3' title='IMG_8019_orkestris'  itemprop=\"thumbnailUrl\"  ><img decoding=\"async\" fetchpriority=\"high\" class=\"wp-image-39 avia-img-lazy-loading-not-39\"   src=\"https:\/\/orkestris.riga.lv\/wp-content\/uploads\/2015\/09\/IMG_8019_orkestris.jpg\" width=\"495\" height=\"279\"  title='IMG_8019_orkestris' alt='' \/><div class='big-prev-fake'><img decoding=\"async\" loading=\"lazy\" class=\"wp-image-39 avia-img-lazy-loading-39\"  width=\"495\" height=\"279\" src=\"https:\/\/orkestris.riga.lv\/wp-content\/uploads\/2015\/09\/IMG_8019_orkestris.jpg\" title='IMG_8019_orkestris' alt='' \/><\/div><\/a><a href=\"https:\/\/orkestris.riga.lv\/wp-content\/uploads\/2015\/09\/IMG_8019_orkestris.jpg\" data-rel='gallery-2' data-prev-img='https:\/\/orkestris.riga.lv\/wp-content\/uploads\/2015\/09\/IMG_8019_orkestris.jpg' class='5 ' data-onclick='4' title='IMG_8019_orkestris'  itemprop=\"thumbnailUrl\"  ><img decoding=\"async\" fetchpriority=\"high\" class=\"wp-image-602 avia-img-lazy-loading-not-602\"   src=\"https:\/\/orkestris.riga.lv\/wp-content\/uploads\/2015\/09\/IMG_8019_orkestris.jpg\" width=\"495\" height=\"279\"  title='IMG_8019_orkestris' alt='' \/><div class='big-prev-fake'><img decoding=\"async\" loading=\"lazy\" class=\"wp-image-602 avia-img-lazy-loading-602\"  width=\"495\" height=\"279\" src=\"https:\/\/orkestris.riga.lv\/wp-content\/uploads\/2015\/09\/IMG_8019_orkestris.jpg\" title='IMG_8019_orkestris' alt='' \/><\/div><\/a><a href=\"https:\/\/orkestris.riga.lv\/wp-content\/uploads\/2015\/09\/f64_150814_rigas_svetki_ieskanas_173.jpg\" data-rel='gallery-2' data-prev-img='https:\/\/orkestris.riga.lv\/wp-content\/uploads\/2015\/09\/f64_150814_rigas_svetki_ieskanas_173.jpg' class='5 ' data-onclick='5' title='f64_150814_rigas_svetki_ieskanas_173'  itemprop=\"thumbnailUrl\"  ><img decoding=\"async\" fetchpriority=\"high\" class=\"wp-image-41 avia-img-lazy-loading-not-41\"   src=\"https:\/\/orkestris.riga.lv\/wp-content\/uploads\/2015\/09\/f64_150814_rigas_svetki_ieskanas_173.jpg\" width=\"495\" height=\"279\"  title='f64_150814_rigas_svetki_ieskanas_173' alt='' \/><div class='big-prev-fake'><img decoding=\"async\" loading=\"lazy\" class=\"wp-image-41 avia-img-lazy-loading-41\"  width=\"495\" height=\"279\" src=\"https:\/\/orkestris.riga.lv\/wp-content\/uploads\/2015\/09\/f64_150814_rigas_svetki_ieskanas_173.jpg\" title='f64_150814_rigas_svetki_ieskanas_173' alt='' \/><\/div><\/a><\/div><\/div>\n","protected":false},"excerpt":{"rendered":"","protected":false},"author":3,"featured_media":0,"comment_status":"closed","ping_status":"open","sticky":false,"template":"","format":"standard","meta":{"footnotes":""},"categories":[11],"tags":[],"class_list":["post-5056","post","type-post","status-publish","format-standard","hentry","category-concerts"],"yoast_head":"<!-- This site is optimized with the Yoast SEO plugin v27.4 - https:\/\/yoast.com\/product\/yoast-seo-wordpress\/ -->\n<title>SEASON OPENING CONCERT - Or\u0137estris R\u012aGA<\/title>\n<meta name=\"robots\" content=\"index, follow, max-snippet:-1, max-image-preview:large, max-video-preview:-1\" \/>\n<link rel=\"canonical\" href=\"https:\/\/orkestris.riga.lv\/en\/season-opening-concert-2\/\" \/>\n<meta property=\"og:locale\" content=\"en_US\" \/>\n<meta property=\"og:type\" content=\"article\" \/>\n<meta property=\"og:title\" content=\"SEASON OPENING CONCERT - Or\u0137estris R\u012aGA\" \/>\n<meta property=\"og:url\" content=\"https:\/\/orkestris.riga.lv\/en\/season-opening-concert-2\/\" \/>\n<meta property=\"og:site_name\" content=\"Or\u0137estris R\u012aGA\" \/>\n<meta property=\"article:publisher\" content=\"https:\/\/www.facebook.com\/rigaorchestra\" \/>\n<meta property=\"article:published_time\" content=\"2018-05-29T07:04:45+00:00\" \/>\n<meta property=\"article:modified_time\" content=\"2018-05-29T08:03:29+00:00\" \/>\n<meta name=\"author\" content=\"Baiba Tilhena\" \/>\n<meta name=\"twitter:card\" content=\"summary_large_image\" \/>\n<meta name=\"twitter:label1\" content=\"Written by\" \/>\n\t<meta name=\"twitter:data1\" content=\"Baiba Tilhena\" \/>\n\t<meta name=\"twitter:label2\" content=\"Est. reading time\" \/>\n\t<meta name=\"twitter:data2\" content=\"3 minutes\" \/>\n<script type=\"application\/ld+json\" class=\"yoast-schema-graph\">{\"@context\":\"https:\\\/\\\/schema.org\",\"@graph\":[{\"@type\":\"Article\",\"@id\":\"https:\\\/\\\/orkestris.riga.lv\\\/en\\\/season-opening-concert-2\\\/#article\",\"isPartOf\":{\"@id\":\"https:\\\/\\\/orkestris.riga.lv\\\/en\\\/season-opening-concert-2\\\/\"},\"author\":{\"name\":\"Baiba Tilhena\",\"@id\":\"https:\\\/\\\/orkestris.riga.lv\\\/en\\\/#\\\/schema\\\/person\\\/5fc8244283120fa5d8078ca3afdbc146\"},\"headline\":\"SEASON OPENING CONCERT\",\"datePublished\":\"2018-05-29T07:04:45+00:00\",\"dateModified\":\"2018-05-29T08:03:29+00:00\",\"mainEntityOfPage\":{\"@id\":\"https:\\\/\\\/orkestris.riga.lv\\\/en\\\/season-opening-concert-2\\\/\"},\"wordCount\":443,\"publisher\":{\"@id\":\"https:\\\/\\\/orkestris.riga.lv\\\/en\\\/#organization\"},\"articleSection\":[\"Concerts\"],\"inLanguage\":\"en-US\"},{\"@type\":\"WebPage\",\"@id\":\"https:\\\/\\\/orkestris.riga.lv\\\/en\\\/season-opening-concert-2\\\/\",\"url\":\"https:\\\/\\\/orkestris.riga.lv\\\/en\\\/season-opening-concert-2\\\/\",\"name\":\"SEASON OPENING CONCERT - Or\u0137estris R\u012aGA\",\"isPartOf\":{\"@id\":\"https:\\\/\\\/orkestris.riga.lv\\\/en\\\/#website\"},\"datePublished\":\"2018-05-29T07:04:45+00:00\",\"dateModified\":\"2018-05-29T08:03:29+00:00\",\"breadcrumb\":{\"@id\":\"https:\\\/\\\/orkestris.riga.lv\\\/en\\\/season-opening-concert-2\\\/#breadcrumb\"},\"inLanguage\":\"en-US\",\"potentialAction\":[{\"@type\":\"ReadAction\",\"target\":[\"https:\\\/\\\/orkestris.riga.lv\\\/en\\\/season-opening-concert-2\\\/\"]}]},{\"@type\":\"BreadcrumbList\",\"@id\":\"https:\\\/\\\/orkestris.riga.lv\\\/en\\\/season-opening-concert-2\\\/#breadcrumb\",\"itemListElement\":[{\"@type\":\"ListItem\",\"position\":1,\"name\":\"Home\",\"item\":\"https:\\\/\\\/orkestris.riga.lv\\\/en\\\/\"},{\"@type\":\"ListItem\",\"position\":2,\"name\":\"SEASON OPENING CONCERT\"}]},{\"@type\":\"WebSite\",\"@id\":\"https:\\\/\\\/orkestris.riga.lv\\\/en\\\/#website\",\"url\":\"https:\\\/\\\/orkestris.riga.lv\\\/en\\\/\",\"name\":\"Or\u0137estris R\u012aGA\",\"description\":\"Orchestra RIGA\",\"publisher\":{\"@id\":\"https:\\\/\\\/orkestris.riga.lv\\\/en\\\/#organization\"},\"potentialAction\":[{\"@type\":\"SearchAction\",\"target\":{\"@type\":\"EntryPoint\",\"urlTemplate\":\"https:\\\/\\\/orkestris.riga.lv\\\/en\\\/?s={search_term_string}\"},\"query-input\":{\"@type\":\"PropertyValueSpecification\",\"valueRequired\":true,\"valueName\":\"search_term_string\"}}],\"inLanguage\":\"en-US\"},{\"@type\":\"Organization\",\"@id\":\"https:\\\/\\\/orkestris.riga.lv\\\/en\\\/#organization\",\"name\":\"Or\u0137estris R\u012aGA\",\"url\":\"https:\\\/\\\/orkestris.riga.lv\\\/en\\\/\",\"logo\":{\"@type\":\"ImageObject\",\"inLanguage\":\"en-US\",\"@id\":\"https:\\\/\\\/orkestris.riga.lv\\\/en\\\/#\\\/schema\\\/logo\\\/image\\\/\",\"url\":\"https:\\\/\\\/orkestris.riga.lv\\\/wp-content\\\/uploads\\\/2025\\\/01\\\/orkestris_riga_logo.png\",\"contentUrl\":\"https:\\\/\\\/orkestris.riga.lv\\\/wp-content\\\/uploads\\\/2025\\\/01\\\/orkestris_riga_logo.png\",\"width\":1200,\"height\":505,\"caption\":\"Or\u0137estris R\u012aGA\"},\"image\":{\"@id\":\"https:\\\/\\\/orkestris.riga.lv\\\/en\\\/#\\\/schema\\\/logo\\\/image\\\/\"},\"sameAs\":[\"https:\\\/\\\/www.facebook.com\\\/rigaorchestra\",\"https:\\\/\\\/www.youtube.com\\\/rigaorchestra\",\"https:\\\/\\\/www.instagram.com\\\/rigaorchestra\"]},{\"@type\":\"Person\",\"@id\":\"https:\\\/\\\/orkestris.riga.lv\\\/en\\\/#\\\/schema\\\/person\\\/5fc8244283120fa5d8078ca3afdbc146\",\"name\":\"Baiba Tilhena\",\"image\":{\"@type\":\"ImageObject\",\"inLanguage\":\"en-US\",\"@id\":\"https:\\\/\\\/secure.gravatar.com\\\/avatar\\\/0c7ba6dfe435c424160fdf1c493bc6f7b8b837e21cb70e0179039e7ad6d5528f?s=96&d=mm&r=g\",\"url\":\"https:\\\/\\\/secure.gravatar.com\\\/avatar\\\/0c7ba6dfe435c424160fdf1c493bc6f7b8b837e21cb70e0179039e7ad6d5528f?s=96&d=mm&r=g\",\"contentUrl\":\"https:\\\/\\\/secure.gravatar.com\\\/avatar\\\/0c7ba6dfe435c424160fdf1c493bc6f7b8b837e21cb70e0179039e7ad6d5528f?s=96&d=mm&r=g\",\"caption\":\"Baiba Tilhena\"},\"sameAs\":[\"http:\\\/\\\/orkestris.riga.lv\"],\"url\":\"https:\\\/\\\/orkestris.riga.lv\\\/en\\\/author\\\/lindaauseja\\\/\"}]}<\/script>\n<!-- \/ Yoast SEO plugin. -->","yoast_head_json":{"title":"SEASON OPENING CONCERT - Or\u0137estris R\u012aGA","robots":{"index":"index","follow":"follow","max-snippet":"max-snippet:-1","max-image-preview":"max-image-preview:large","max-video-preview":"max-video-preview:-1"},"canonical":"https:\/\/orkestris.riga.lv\/en\/season-opening-concert-2\/","og_locale":"en_US","og_type":"article","og_title":"SEASON OPENING CONCERT - Or\u0137estris R\u012aGA","og_url":"https:\/\/orkestris.riga.lv\/en\/season-opening-concert-2\/","og_site_name":"Or\u0137estris R\u012aGA","article_publisher":"https:\/\/www.facebook.com\/rigaorchestra","article_published_time":"2018-05-29T07:04:45+00:00","article_modified_time":"2018-05-29T08:03:29+00:00","author":"Baiba Tilhena","twitter_card":"summary_large_image","twitter_misc":{"Written by":"Baiba Tilhena","Est. reading time":"3 minutes"},"schema":{"@context":"https:\/\/schema.org","@graph":[{"@type":"Article","@id":"https:\/\/orkestris.riga.lv\/en\/season-opening-concert-2\/#article","isPartOf":{"@id":"https:\/\/orkestris.riga.lv\/en\/season-opening-concert-2\/"},"author":{"name":"Baiba Tilhena","@id":"https:\/\/orkestris.riga.lv\/en\/#\/schema\/person\/5fc8244283120fa5d8078ca3afdbc146"},"headline":"SEASON OPENING CONCERT","datePublished":"2018-05-29T07:04:45+00:00","dateModified":"2018-05-29T08:03:29+00:00","mainEntityOfPage":{"@id":"https:\/\/orkestris.riga.lv\/en\/season-opening-concert-2\/"},"wordCount":443,"publisher":{"@id":"https:\/\/orkestris.riga.lv\/en\/#organization"},"articleSection":["Concerts"],"inLanguage":"en-US"},{"@type":"WebPage","@id":"https:\/\/orkestris.riga.lv\/en\/season-opening-concert-2\/","url":"https:\/\/orkestris.riga.lv\/en\/season-opening-concert-2\/","name":"SEASON OPENING CONCERT - Or\u0137estris R\u012aGA","isPartOf":{"@id":"https:\/\/orkestris.riga.lv\/en\/#website"},"datePublished":"2018-05-29T07:04:45+00:00","dateModified":"2018-05-29T08:03:29+00:00","breadcrumb":{"@id":"https:\/\/orkestris.riga.lv\/en\/season-opening-concert-2\/#breadcrumb"},"inLanguage":"en-US","potentialAction":[{"@type":"ReadAction","target":["https:\/\/orkestris.riga.lv\/en\/season-opening-concert-2\/"]}]},{"@type":"BreadcrumbList","@id":"https:\/\/orkestris.riga.lv\/en\/season-opening-concert-2\/#breadcrumb","itemListElement":[{"@type":"ListItem","position":1,"name":"Home","item":"https:\/\/orkestris.riga.lv\/en\/"},{"@type":"ListItem","position":2,"name":"SEASON OPENING CONCERT"}]},{"@type":"WebSite","@id":"https:\/\/orkestris.riga.lv\/en\/#website","url":"https:\/\/orkestris.riga.lv\/en\/","name":"Or\u0137estris R\u012aGA","description":"Orchestra RIGA","publisher":{"@id":"https:\/\/orkestris.riga.lv\/en\/#organization"},"potentialAction":[{"@type":"SearchAction","target":{"@type":"EntryPoint","urlTemplate":"https:\/\/orkestris.riga.lv\/en\/?s={search_term_string}"},"query-input":{"@type":"PropertyValueSpecification","valueRequired":true,"valueName":"search_term_string"}}],"inLanguage":"en-US"},{"@type":"Organization","@id":"https:\/\/orkestris.riga.lv\/en\/#organization","name":"Or\u0137estris R\u012aGA","url":"https:\/\/orkestris.riga.lv\/en\/","logo":{"@type":"ImageObject","inLanguage":"en-US","@id":"https:\/\/orkestris.riga.lv\/en\/#\/schema\/logo\/image\/","url":"https:\/\/orkestris.riga.lv\/wp-content\/uploads\/2025\/01\/orkestris_riga_logo.png","contentUrl":"https:\/\/orkestris.riga.lv\/wp-content\/uploads\/2025\/01\/orkestris_riga_logo.png","width":1200,"height":505,"caption":"Or\u0137estris R\u012aGA"},"image":{"@id":"https:\/\/orkestris.riga.lv\/en\/#\/schema\/logo\/image\/"},"sameAs":["https:\/\/www.facebook.com\/rigaorchestra","https:\/\/www.youtube.com\/rigaorchestra","https:\/\/www.instagram.com\/rigaorchestra"]},{"@type":"Person","@id":"https:\/\/orkestris.riga.lv\/en\/#\/schema\/person\/5fc8244283120fa5d8078ca3afdbc146","name":"Baiba Tilhena","image":{"@type":"ImageObject","inLanguage":"en-US","@id":"https:\/\/secure.gravatar.com\/avatar\/0c7ba6dfe435c424160fdf1c493bc6f7b8b837e21cb70e0179039e7ad6d5528f?s=96&d=mm&r=g","url":"https:\/\/secure.gravatar.com\/avatar\/0c7ba6dfe435c424160fdf1c493bc6f7b8b837e21cb70e0179039e7ad6d5528f?s=96&d=mm&r=g","contentUrl":"https:\/\/secure.gravatar.com\/avatar\/0c7ba6dfe435c424160fdf1c493bc6f7b8b837e21cb70e0179039e7ad6d5528f?s=96&d=mm&r=g","caption":"Baiba Tilhena"},"sameAs":["http:\/\/orkestris.riga.lv"],"url":"https:\/\/orkestris.riga.lv\/en\/author\/lindaauseja\/"}]}},"_links":{"self":[{"href":"https:\/\/orkestris.riga.lv\/en\/wp-json\/wp\/v2\/posts\/5056","targetHints":{"allow":["GET"]}}],"collection":[{"href":"https:\/\/orkestris.riga.lv\/en\/wp-json\/wp\/v2\/posts"}],"about":[{"href":"https:\/\/orkestris.riga.lv\/en\/wp-json\/wp\/v2\/types\/post"}],"author":[{"embeddable":true,"href":"https:\/\/orkestris.riga.lv\/en\/wp-json\/wp\/v2\/users\/3"}],"replies":[{"embeddable":true,"href":"https:\/\/orkestris.riga.lv\/en\/wp-json\/wp\/v2\/comments?post=5056"}],"version-history":[{"count":5,"href":"https:\/\/orkestris.riga.lv\/en\/wp-json\/wp\/v2\/posts\/5056\/revisions"}],"predecessor-version":[{"id":5070,"href":"https:\/\/orkestris.riga.lv\/en\/wp-json\/wp\/v2\/posts\/5056\/revisions\/5070"}],"wp:attachment":[{"href":"https:\/\/orkestris.riga.lv\/en\/wp-json\/wp\/v2\/media?parent=5056"}],"wp:term":[{"taxonomy":"category","embeddable":true,"href":"https:\/\/orkestris.riga.lv\/en\/wp-json\/wp\/v2\/categories?post=5056"},{"taxonomy":"post_tag","embeddable":true,"href":"https:\/\/orkestris.riga.lv\/en\/wp-json\/wp\/v2\/tags?post=5056"}],"curies":[{"name":"wp","href":"https:\/\/api.w.org\/{rel}","templated":true}]}}