{"id":7223,"date":"2020-03-13T16:54:47","date_gmt":"2020-03-13T14:54:47","guid":{"rendered":"http:\/\/orkestris.riga.lv\/?p=7223"},"modified":"2020-03-17T15:44:10","modified_gmt":"2020-03-17T13:44:10","slug":"notice-of-cancellation-of-concerts","status":"publish","type":"post","link":"https:\/\/orkestris.riga.lv\/en\/notice-of-cancellation-of-concerts\/","title":{"rendered":"NOTICE OF CANCELLATION OF CONCERTS"},"content":{"rendered":"\n<style type=\"text\/css\" data-created_by=\"avia_inline_auto\" id=\"style-css-av-av_heading-242f66a9a393a83811f1241fa4c30104\">\n#top .av-special-heading.av-av_heading-242f66a9a393a83811f1241fa4c30104{\npadding-bottom:10px;\n}\nbody .av-special-heading.av-av_heading-242f66a9a393a83811f1241fa4c30104 .av-special-heading-tag .heading-char{\nfont-size:25px;\n}\n.av-special-heading.av-av_heading-242f66a9a393a83811f1241fa4c30104 .av-subheading{\nfont-size:15px;\n}\n<\/style>\n<div  class='av-special-heading av-av_heading-242f66a9a393a83811f1241fa4c30104 av-special-heading-h1 blockquote modern-quote  avia-builder-el-0  el_before_av_one_half  avia-builder-el-first '><h1 class='av-special-heading-tag '  itemprop=\"headline\"  >NOTICE OF CANCELLATION OF CONCERTS<\/h1><div class=\"special-heading-border\"><div class=\"special-heading-inner-border\"><\/div><\/div><\/div>\n\n<style type=\"text\/css\" data-created_by=\"avia_inline_auto\" id=\"style-css-av-4gitzb-84b24f8570b287e91c0cdc275933d990\">\n.flex_column.av-4gitzb-84b24f8570b287e91c0cdc275933d990{\nborder-radius:0px 0px 0px 0px;\npadding:0px 0px 0px 0px;\n}\n<\/style>\n<div  class='flex_column av-4gitzb-84b24f8570b287e91c0cdc275933d990 av_one_half  avia-builder-el-1  el_after_av_heading  el_before_av_one_half  first flex_column_div av-zero-column-padding  '     ><style type=\"text\/css\" data-created_by=\"avia_inline_auto\" id=\"style-css-av-k7qay92g-f18781b5255c577b755faf37632c6c32\">\n#top .avia-gallery.av-k7qay92g-f18781b5255c577b755faf37632c6c32 .avia-gallery-thumb a{\nwidth:33.3333%;\n}\n<\/style>\n<div  class='avia-gallery av-k7qay92g-f18781b5255c577b755faf37632c6c32 avia_animate_when_visible  avia-builder-el-2  avia-builder-el-no-sibling  avia_lazyload av-slideshow-ui av-loop-manual-endless av-control-hidden av-navigate-arrows av-navigate-dots hover-effect av-control-hidden avia-gallery-animate avia-gallery-1'  itemprop=\"image\" itemscope=\"itemscope\" itemtype=\"https:\/\/schema.org\/ImageObject\" ><meta itemprop=\"contentURL\" content=\"https:\/\/orkestris.riga.lv\/en\/notice-of-cancellation-of-concerts\/\"><div class='avia-gallery-big-wrapper'><a class='avia-gallery-big fakeLightbox lightbox avia-gallery-big-crop-thumb ' href=\"https:\/\/orkestris.riga.lv\/wp-content\/uploads\/2020\/03\/Orchestra_RIGA_uz_tumsa.jpg\" data-srcset=\"https:\/\/orkestris.riga.lv\/wp-content\/uploads\/2020\/03\/Orchestra_RIGA_uz_tumsa.jpg 1000w, https:\/\/orkestris.riga.lv\/wp-content\/uploads\/2020\/03\/Orchestra_RIGA_uz_tumsa-300x111.jpg 300w, https:\/\/orkestris.riga.lv\/wp-content\/uploads\/2020\/03\/Orchestra_RIGA_uz_tumsa-768x284.jpg 768w, https:\/\/orkestris.riga.lv\/wp-content\/uploads\/2020\/03\/Orchestra_RIGA_uz_tumsa-705x261.jpg 705w, https:\/\/orkestris.riga.lv\/wp-content\/uploads\/2020\/03\/Orchestra_RIGA_uz_tumsa-450x167.jpg 450w\" data-sizes=\"(max-width: 1000px) 100vw, 1000px\"  data-onclick='1' title='Orchestra_RIGA_uz_tumsa' ><span class='avia-gallery-big-inner'  itemprop=\"thumbnailUrl\" ><img decoding=\"async\" fetchpriority=\"high\" class=\"wp-image-7224 avia-img-lazy-loading-not-7224\"  width=\"495\" height=\"370\" src=\"https:\/\/orkestris.riga.lv\/wp-content\/uploads\/2020\/03\/Orchestra_RIGA_uz_tumsa-495x370.jpg\" title='Orchestra_RIGA_uz_tumsa' alt='' \/><\/span><\/a><\/div><div class='avia-gallery-thumb'><a href=\"https:\/\/orkestris.riga.lv\/wp-content\/uploads\/2020\/03\/Orchestra_RIGA_uz_tumsa.jpg\" data-srcset=\"https:\/\/orkestris.riga.lv\/wp-content\/uploads\/2020\/03\/Orchestra_RIGA_uz_tumsa.jpg 1000w, https:\/\/orkestris.riga.lv\/wp-content\/uploads\/2020\/03\/Orchestra_RIGA_uz_tumsa-300x111.jpg 300w, https:\/\/orkestris.riga.lv\/wp-content\/uploads\/2020\/03\/Orchestra_RIGA_uz_tumsa-768x284.jpg 768w, https:\/\/orkestris.riga.lv\/wp-content\/uploads\/2020\/03\/Orchestra_RIGA_uz_tumsa-705x261.jpg 705w, https:\/\/orkestris.riga.lv\/wp-content\/uploads\/2020\/03\/Orchestra_RIGA_uz_tumsa-450x167.jpg 450w\" data-sizes=\"(max-width: 1000px) 100vw, 1000px\" data-rel='gallery-1' data-prev-img='https:\/\/orkestris.riga.lv\/wp-content\/uploads\/2020\/03\/Orchestra_RIGA_uz_tumsa-495x370.jpg' class='first_thumb lightbox ' data-onclick='1' title='Orchestra_RIGA_uz_tumsa'  itemprop=\"thumbnailUrl\"  ><img decoding=\"async\" fetchpriority=\"high\" class=\"wp-image-7224 avia-img-lazy-loading-not-7224\"   src=\"https:\/\/orkestris.riga.lv\/wp-content\/uploads\/2020\/03\/Orchestra_RIGA_uz_tumsa-495x370.jpg\" width=\"495\" height=\"370\"  title='Orchestra_RIGA_uz_tumsa' alt='' \/><div class='big-prev-fake'><img decoding=\"async\" loading=\"lazy\" class=\"wp-image-7224 avia-img-lazy-loading-7224\"  width=\"495\" height=\"370\" src=\"https:\/\/orkestris.riga.lv\/wp-content\/uploads\/2020\/03\/Orchestra_RIGA_uz_tumsa-495x370.jpg\" title='Orchestra_RIGA_uz_tumsa' alt='' \/><\/div><\/a><\/div><\/div><\/div>\n\n<style type=\"text\/css\" data-created_by=\"avia_inline_auto\" id=\"style-css-av-39a4bb-4073e2ccee794237f369ccc94ba399ac\">\n.flex_column.av-39a4bb-4073e2ccee794237f369ccc94ba399ac{\nborder-radius:0px 0px 0px 0px;\npadding:0px 0px 0px 0px;\n}\n<\/style>\n<div  class='flex_column av-39a4bb-4073e2ccee794237f369ccc94ba399ac av_one_half  avia-builder-el-3  el_after_av_one_half  avia-builder-el-last  flex_column_div av-zero-column-padding  '     ><section  class='av_textblock_section av-k7qax1ph-feed5637dd35bcae100826a2288c75bd '   itemscope=\"itemscope\" itemtype=\"https:\/\/schema.org\/BlogPosting\" itemprop=\"blogPost\" ><div class='avia_textblock'  itemprop=\"text\" ><p>Dear listeners,<\/p>\n<p>In accordance with the Cabinet of Ministers of Latvia Crisis Management Council&#8217;s 12 March decision to introduce state of emergency in Latvia until 14 April 2020, the concerts of Spring festival WINDSTREAM are cancelled at the moment.<\/p>\n<p>Concerts WINDSTREAM opening concert and Piazzolla in Paris are postponed to October 2nd and October 7th 2020. Purchased tickets will be valid for the dates of the transferred concerts. Much to our regret, we can not offer refuned for tickets already purchased.<\/p>\n<p>Though, it will be possible to get a refund for a concert W. A. Mozart &#8211; Requiem planned on 10th of April. Tickets bought online will be refunded automatically, while the tickets bought at &#8220;Bi\u013ce\u0161u parad\u012bze&#8221; box office can be returned at the place of purchase for a refund.<\/p>\n<div class=\"text_exposed_show\">\n<p>Sorry for the inconvenience and stay safe and healthy!<\/p>\n<\/div>\n<\/div><\/section><\/div>\n","protected":false},"excerpt":{"rendered":"","protected":false},"author":3,"featured_media":7200,"comment_status":"closed","ping_status":"closed","sticky":false,"template":"","format":"standard","meta":{"footnotes":""},"categories":[13],"tags":[],"class_list":["post-7223","post","type-post","status-publish","format-standard","has-post-thumbnail","hentry","category-news"],"yoast_head":"<!-- This site is optimized with the Yoast SEO plugin v27.4 - https:\/\/yoast.com\/product\/yoast-seo-wordpress\/ -->\n<title>NOTICE OF CANCELLATION OF CONCERTS - Or\u0137estris R\u012aGA<\/title>\n<meta name=\"robots\" content=\"index, follow, max-snippet:-1, max-image-preview:large, max-video-preview:-1\" \/>\n<link rel=\"canonical\" href=\"https:\/\/orkestris.riga.lv\/en\/notice-of-cancellation-of-concerts\/\" \/>\n<meta property=\"og:locale\" content=\"en_US\" \/>\n<meta property=\"og:type\" content=\"article\" \/>\n<meta property=\"og:title\" content=\"NOTICE OF CANCELLATION OF CONCERTS - Or\u0137estris R\u012aGA\" \/>\n<meta property=\"og:url\" content=\"https:\/\/orkestris.riga.lv\/en\/notice-of-cancellation-of-concerts\/\" \/>\n<meta property=\"og:site_name\" content=\"Or\u0137estris R\u012aGA\" \/>\n<meta property=\"article:publisher\" content=\"https:\/\/www.facebook.com\/rigaorchestra\" \/>\n<meta property=\"article:published_time\" content=\"2020-03-13T14:54:47+00:00\" \/>\n<meta property=\"article:modified_time\" content=\"2020-03-17T13:44:10+00:00\" \/>\n<meta property=\"og:image\" content=\"https:\/\/orkestris.riga.lv\/wp-content\/uploads\/2020\/03\/windstream-2020-BP-208x140-ALL-3.jpg\" \/>\n\t<meta property=\"og:image:width\" content=\"208\" \/>\n\t<meta property=\"og:image:height\" content=\"140\" \/>\n\t<meta property=\"og:image:type\" content=\"image\/jpeg\" \/>\n<meta name=\"author\" content=\"Baiba Tilhena\" \/>\n<meta name=\"twitter:card\" content=\"summary_large_image\" \/>\n<meta name=\"twitter:label1\" content=\"Written by\" \/>\n\t<meta name=\"twitter:data1\" content=\"Baiba Tilhena\" \/>\n\t<meta name=\"twitter:label2\" content=\"Est. reading time\" \/>\n\t<meta name=\"twitter:data2\" content=\"2 minutes\" \/>\n<script type=\"application\/ld+json\" class=\"yoast-schema-graph\">{\"@context\":\"https:\\\/\\\/schema.org\",\"@graph\":[{\"@type\":\"Article\",\"@id\":\"https:\\\/\\\/orkestris.riga.lv\\\/en\\\/notice-of-cancellation-of-concerts\\\/#article\",\"isPartOf\":{\"@id\":\"https:\\\/\\\/orkestris.riga.lv\\\/en\\\/notice-of-cancellation-of-concerts\\\/\"},\"author\":{\"name\":\"Baiba Tilhena\",\"@id\":\"https:\\\/\\\/orkestris.riga.lv\\\/en\\\/#\\\/schema\\\/person\\\/5fc8244283120fa5d8078ca3afdbc146\"},\"headline\":\"NOTICE OF CANCELLATION OF CONCERTS\",\"datePublished\":\"2020-03-13T14:54:47+00:00\",\"dateModified\":\"2020-03-17T13:44:10+00:00\",\"mainEntityOfPage\":{\"@id\":\"https:\\\/\\\/orkestris.riga.lv\\\/en\\\/notice-of-cancellation-of-concerts\\\/\"},\"wordCount\":319,\"publisher\":{\"@id\":\"https:\\\/\\\/orkestris.riga.lv\\\/en\\\/#organization\"},\"image\":{\"@id\":\"https:\\\/\\\/orkestris.riga.lv\\\/en\\\/notice-of-cancellation-of-concerts\\\/#primaryimage\"},\"thumbnailUrl\":\"https:\\\/\\\/orkestris.riga.lv\\\/wp-content\\\/uploads\\\/2020\\\/03\\\/windstream-2020-BP-208x140-ALL-3.jpg\",\"articleSection\":[\"News\"],\"inLanguage\":\"en-US\"},{\"@type\":\"WebPage\",\"@id\":\"https:\\\/\\\/orkestris.riga.lv\\\/en\\\/notice-of-cancellation-of-concerts\\\/\",\"url\":\"https:\\\/\\\/orkestris.riga.lv\\\/en\\\/notice-of-cancellation-of-concerts\\\/\",\"name\":\"NOTICE OF CANCELLATION OF CONCERTS - Or\u0137estris R\u012aGA\",\"isPartOf\":{\"@id\":\"https:\\\/\\\/orkestris.riga.lv\\\/en\\\/#website\"},\"primaryImageOfPage\":{\"@id\":\"https:\\\/\\\/orkestris.riga.lv\\\/en\\\/notice-of-cancellation-of-concerts\\\/#primaryimage\"},\"image\":{\"@id\":\"https:\\\/\\\/orkestris.riga.lv\\\/en\\\/notice-of-cancellation-of-concerts\\\/#primaryimage\"},\"thumbnailUrl\":\"https:\\\/\\\/orkestris.riga.lv\\\/wp-content\\\/uploads\\\/2020\\\/03\\\/windstream-2020-BP-208x140-ALL-3.jpg\",\"datePublished\":\"2020-03-13T14:54:47+00:00\",\"dateModified\":\"2020-03-17T13:44:10+00:00\",\"breadcrumb\":{\"@id\":\"https:\\\/\\\/orkestris.riga.lv\\\/en\\\/notice-of-cancellation-of-concerts\\\/#breadcrumb\"},\"inLanguage\":\"en-US\",\"potentialAction\":[{\"@type\":\"ReadAction\",\"target\":[\"https:\\\/\\\/orkestris.riga.lv\\\/en\\\/notice-of-cancellation-of-concerts\\\/\"]}]},{\"@type\":\"ImageObject\",\"inLanguage\":\"en-US\",\"@id\":\"https:\\\/\\\/orkestris.riga.lv\\\/en\\\/notice-of-cancellation-of-concerts\\\/#primaryimage\",\"url\":\"https:\\\/\\\/orkestris.riga.lv\\\/wp-content\\\/uploads\\\/2020\\\/03\\\/windstream-2020-BP-208x140-ALL-3.jpg\",\"contentUrl\":\"https:\\\/\\\/orkestris.riga.lv\\\/wp-content\\\/uploads\\\/2020\\\/03\\\/windstream-2020-BP-208x140-ALL-3.jpg\",\"width\":208,\"height\":140},{\"@type\":\"BreadcrumbList\",\"@id\":\"https:\\\/\\\/orkestris.riga.lv\\\/en\\\/notice-of-cancellation-of-concerts\\\/#breadcrumb\",\"itemListElement\":[{\"@type\":\"ListItem\",\"position\":1,\"name\":\"Home\",\"item\":\"https:\\\/\\\/orkestris.riga.lv\\\/en\\\/\"},{\"@type\":\"ListItem\",\"position\":2,\"name\":\"NOTICE OF CANCELLATION OF CONCERTS\"}]},{\"@type\":\"WebSite\",\"@id\":\"https:\\\/\\\/orkestris.riga.lv\\\/en\\\/#website\",\"url\":\"https:\\\/\\\/orkestris.riga.lv\\\/en\\\/\",\"name\":\"Or\u0137estris R\u012aGA\",\"description\":\"Orchestra RIGA\",\"publisher\":{\"@id\":\"https:\\\/\\\/orkestris.riga.lv\\\/en\\\/#organization\"},\"potentialAction\":[{\"@type\":\"SearchAction\",\"target\":{\"@type\":\"EntryPoint\",\"urlTemplate\":\"https:\\\/\\\/orkestris.riga.lv\\\/en\\\/?s={search_term_string}\"},\"query-input\":{\"@type\":\"PropertyValueSpecification\",\"valueRequired\":true,\"valueName\":\"search_term_string\"}}],\"inLanguage\":\"en-US\"},{\"@type\":\"Organization\",\"@id\":\"https:\\\/\\\/orkestris.riga.lv\\\/en\\\/#organization\",\"name\":\"Or\u0137estris R\u012aGA\",\"url\":\"https:\\\/\\\/orkestris.riga.lv\\\/en\\\/\",\"logo\":{\"@type\":\"ImageObject\",\"inLanguage\":\"en-US\",\"@id\":\"https:\\\/\\\/orkestris.riga.lv\\\/en\\\/#\\\/schema\\\/logo\\\/image\\\/\",\"url\":\"https:\\\/\\\/orkestris.riga.lv\\\/wp-content\\\/uploads\\\/2025\\\/01\\\/orkestris_riga_logo.png\",\"contentUrl\":\"https:\\\/\\\/orkestris.riga.lv\\\/wp-content\\\/uploads\\\/2025\\\/01\\\/orkestris_riga_logo.png\",\"width\":1200,\"height\":505,\"caption\":\"Or\u0137estris R\u012aGA\"},\"image\":{\"@id\":\"https:\\\/\\\/orkestris.riga.lv\\\/en\\\/#\\\/schema\\\/logo\\\/image\\\/\"},\"sameAs\":[\"https:\\\/\\\/www.facebook.com\\\/rigaorchestra\",\"https:\\\/\\\/www.youtube.com\\\/rigaorchestra\",\"https:\\\/\\\/www.instagram.com\\\/rigaorchestra\"]},{\"@type\":\"Person\",\"@id\":\"https:\\\/\\\/orkestris.riga.lv\\\/en\\\/#\\\/schema\\\/person\\\/5fc8244283120fa5d8078ca3afdbc146\",\"name\":\"Baiba Tilhena\",\"image\":{\"@type\":\"ImageObject\",\"inLanguage\":\"en-US\",\"@id\":\"https:\\\/\\\/secure.gravatar.com\\\/avatar\\\/0c7ba6dfe435c424160fdf1c493bc6f7b8b837e21cb70e0179039e7ad6d5528f?s=96&d=mm&r=g\",\"url\":\"https:\\\/\\\/secure.gravatar.com\\\/avatar\\\/0c7ba6dfe435c424160fdf1c493bc6f7b8b837e21cb70e0179039e7ad6d5528f?s=96&d=mm&r=g\",\"contentUrl\":\"https:\\\/\\\/secure.gravatar.com\\\/avatar\\\/0c7ba6dfe435c424160fdf1c493bc6f7b8b837e21cb70e0179039e7ad6d5528f?s=96&d=mm&r=g\",\"caption\":\"Baiba Tilhena\"},\"sameAs\":[\"http:\\\/\\\/orkestris.riga.lv\"],\"url\":\"https:\\\/\\\/orkestris.riga.lv\\\/en\\\/author\\\/lindaauseja\\\/\"}]}<\/script>\n<!-- \/ Yoast SEO plugin. -->","yoast_head_json":{"title":"NOTICE OF CANCELLATION OF CONCERTS - Or\u0137estris R\u012aGA","robots":{"index":"index","follow":"follow","max-snippet":"max-snippet:-1","max-image-preview":"max-image-preview:large","max-video-preview":"max-video-preview:-1"},"canonical":"https:\/\/orkestris.riga.lv\/en\/notice-of-cancellation-of-concerts\/","og_locale":"en_US","og_type":"article","og_title":"NOTICE OF CANCELLATION OF CONCERTS - Or\u0137estris R\u012aGA","og_url":"https:\/\/orkestris.riga.lv\/en\/notice-of-cancellation-of-concerts\/","og_site_name":"Or\u0137estris R\u012aGA","article_publisher":"https:\/\/www.facebook.com\/rigaorchestra","article_published_time":"2020-03-13T14:54:47+00:00","article_modified_time":"2020-03-17T13:44:10+00:00","og_image":[{"width":208,"height":140,"url":"https:\/\/orkestris.riga.lv\/wp-content\/uploads\/2020\/03\/windstream-2020-BP-208x140-ALL-3.jpg","type":"image\/jpeg"}],"author":"Baiba Tilhena","twitter_card":"summary_large_image","twitter_misc":{"Written by":"Baiba Tilhena","Est. reading time":"2 minutes"},"schema":{"@context":"https:\/\/schema.org","@graph":[{"@type":"Article","@id":"https:\/\/orkestris.riga.lv\/en\/notice-of-cancellation-of-concerts\/#article","isPartOf":{"@id":"https:\/\/orkestris.riga.lv\/en\/notice-of-cancellation-of-concerts\/"},"author":{"name":"Baiba Tilhena","@id":"https:\/\/orkestris.riga.lv\/en\/#\/schema\/person\/5fc8244283120fa5d8078ca3afdbc146"},"headline":"NOTICE OF CANCELLATION OF CONCERTS","datePublished":"2020-03-13T14:54:47+00:00","dateModified":"2020-03-17T13:44:10+00:00","mainEntityOfPage":{"@id":"https:\/\/orkestris.riga.lv\/en\/notice-of-cancellation-of-concerts\/"},"wordCount":319,"publisher":{"@id":"https:\/\/orkestris.riga.lv\/en\/#organization"},"image":{"@id":"https:\/\/orkestris.riga.lv\/en\/notice-of-cancellation-of-concerts\/#primaryimage"},"thumbnailUrl":"https:\/\/orkestris.riga.lv\/wp-content\/uploads\/2020\/03\/windstream-2020-BP-208x140-ALL-3.jpg","articleSection":["News"],"inLanguage":"en-US"},{"@type":"WebPage","@id":"https:\/\/orkestris.riga.lv\/en\/notice-of-cancellation-of-concerts\/","url":"https:\/\/orkestris.riga.lv\/en\/notice-of-cancellation-of-concerts\/","name":"NOTICE OF CANCELLATION OF CONCERTS - Or\u0137estris R\u012aGA","isPartOf":{"@id":"https:\/\/orkestris.riga.lv\/en\/#website"},"primaryImageOfPage":{"@id":"https:\/\/orkestris.riga.lv\/en\/notice-of-cancellation-of-concerts\/#primaryimage"},"image":{"@id":"https:\/\/orkestris.riga.lv\/en\/notice-of-cancellation-of-concerts\/#primaryimage"},"thumbnailUrl":"https:\/\/orkestris.riga.lv\/wp-content\/uploads\/2020\/03\/windstream-2020-BP-208x140-ALL-3.jpg","datePublished":"2020-03-13T14:54:47+00:00","dateModified":"2020-03-17T13:44:10+00:00","breadcrumb":{"@id":"https:\/\/orkestris.riga.lv\/en\/notice-of-cancellation-of-concerts\/#breadcrumb"},"inLanguage":"en-US","potentialAction":[{"@type":"ReadAction","target":["https:\/\/orkestris.riga.lv\/en\/notice-of-cancellation-of-concerts\/"]}]},{"@type":"ImageObject","inLanguage":"en-US","@id":"https:\/\/orkestris.riga.lv\/en\/notice-of-cancellation-of-concerts\/#primaryimage","url":"https:\/\/orkestris.riga.lv\/wp-content\/uploads\/2020\/03\/windstream-2020-BP-208x140-ALL-3.jpg","contentUrl":"https:\/\/orkestris.riga.lv\/wp-content\/uploads\/2020\/03\/windstream-2020-BP-208x140-ALL-3.jpg","width":208,"height":140},{"@type":"BreadcrumbList","@id":"https:\/\/orkestris.riga.lv\/en\/notice-of-cancellation-of-concerts\/#breadcrumb","itemListElement":[{"@type":"ListItem","position":1,"name":"Home","item":"https:\/\/orkestris.riga.lv\/en\/"},{"@type":"ListItem","position":2,"name":"NOTICE OF CANCELLATION OF CONCERTS"}]},{"@type":"WebSite","@id":"https:\/\/orkestris.riga.lv\/en\/#website","url":"https:\/\/orkestris.riga.lv\/en\/","name":"Or\u0137estris R\u012aGA","description":"Orchestra RIGA","publisher":{"@id":"https:\/\/orkestris.riga.lv\/en\/#organization"},"potentialAction":[{"@type":"SearchAction","target":{"@type":"EntryPoint","urlTemplate":"https:\/\/orkestris.riga.lv\/en\/?s={search_term_string}"},"query-input":{"@type":"PropertyValueSpecification","valueRequired":true,"valueName":"search_term_string"}}],"inLanguage":"en-US"},{"@type":"Organization","@id":"https:\/\/orkestris.riga.lv\/en\/#organization","name":"Or\u0137estris R\u012aGA","url":"https:\/\/orkestris.riga.lv\/en\/","logo":{"@type":"ImageObject","inLanguage":"en-US","@id":"https:\/\/orkestris.riga.lv\/en\/#\/schema\/logo\/image\/","url":"https:\/\/orkestris.riga.lv\/wp-content\/uploads\/2025\/01\/orkestris_riga_logo.png","contentUrl":"https:\/\/orkestris.riga.lv\/wp-content\/uploads\/2025\/01\/orkestris_riga_logo.png","width":1200,"height":505,"caption":"Or\u0137estris R\u012aGA"},"image":{"@id":"https:\/\/orkestris.riga.lv\/en\/#\/schema\/logo\/image\/"},"sameAs":["https:\/\/www.facebook.com\/rigaorchestra","https:\/\/www.youtube.com\/rigaorchestra","https:\/\/www.instagram.com\/rigaorchestra"]},{"@type":"Person","@id":"https:\/\/orkestris.riga.lv\/en\/#\/schema\/person\/5fc8244283120fa5d8078ca3afdbc146","name":"Baiba Tilhena","image":{"@type":"ImageObject","inLanguage":"en-US","@id":"https:\/\/secure.gravatar.com\/avatar\/0c7ba6dfe435c424160fdf1c493bc6f7b8b837e21cb70e0179039e7ad6d5528f?s=96&d=mm&r=g","url":"https:\/\/secure.gravatar.com\/avatar\/0c7ba6dfe435c424160fdf1c493bc6f7b8b837e21cb70e0179039e7ad6d5528f?s=96&d=mm&r=g","contentUrl":"https:\/\/secure.gravatar.com\/avatar\/0c7ba6dfe435c424160fdf1c493bc6f7b8b837e21cb70e0179039e7ad6d5528f?s=96&d=mm&r=g","caption":"Baiba Tilhena"},"sameAs":["http:\/\/orkestris.riga.lv"],"url":"https:\/\/orkestris.riga.lv\/en\/author\/lindaauseja\/"}]}},"_links":{"self":[{"href":"https:\/\/orkestris.riga.lv\/en\/wp-json\/wp\/v2\/posts\/7223","targetHints":{"allow":["GET"]}}],"collection":[{"href":"https:\/\/orkestris.riga.lv\/en\/wp-json\/wp\/v2\/posts"}],"about":[{"href":"https:\/\/orkestris.riga.lv\/en\/wp-json\/wp\/v2\/types\/post"}],"author":[{"embeddable":true,"href":"https:\/\/orkestris.riga.lv\/en\/wp-json\/wp\/v2\/users\/3"}],"replies":[{"embeddable":true,"href":"https:\/\/orkestris.riga.lv\/en\/wp-json\/wp\/v2\/comments?post=7223"}],"version-history":[{"count":3,"href":"https:\/\/orkestris.riga.lv\/en\/wp-json\/wp\/v2\/posts\/7223\/revisions"}],"predecessor-version":[{"id":7254,"href":"https:\/\/orkestris.riga.lv\/en\/wp-json\/wp\/v2\/posts\/7223\/revisions\/7254"}],"wp:featuredmedia":[{"embeddable":true,"href":"https:\/\/orkestris.riga.lv\/en\/wp-json\/wp\/v2\/media\/7200"}],"wp:attachment":[{"href":"https:\/\/orkestris.riga.lv\/en\/wp-json\/wp\/v2\/media?parent=7223"}],"wp:term":[{"taxonomy":"category","embeddable":true,"href":"https:\/\/orkestris.riga.lv\/en\/wp-json\/wp\/v2\/categories?post=7223"},{"taxonomy":"post_tag","embeddable":true,"href":"https:\/\/orkestris.riga.lv\/en\/wp-json\/wp\/v2\/tags?post=7223"}],"curies":[{"name":"wp","href":"https:\/\/api.w.org\/{rel}","templated":true}]}}