{"id":7694,"date":"2020-08-04T14:56:22","date_gmt":"2020-08-04T11:56:22","guid":{"rendered":"http:\/\/orkestris.riga.lv\/?p=7694"},"modified":"2020-08-04T14:56:22","modified_gmt":"2020-08-04T11:56:22","slug":"sounds-of-riga-6th","status":"publish","type":"post","link":"https:\/\/orkestris.riga.lv\/en\/sounds-of-riga-6th\/","title":{"rendered":"SOUNDS OF RIGA (6th)"},"content":{"rendered":"\n<style type=\"text\/css\" data-created_by=\"avia_inline_auto\" id=\"style-css-av-kdfvu079-d7ec594f98355e49bf35af1f1c4b1fd9\">\n#top .av-special-heading.av-kdfvu079-d7ec594f98355e49bf35af1f1c4b1fd9{\npadding-bottom:30px;\n}\nbody .av-special-heading.av-kdfvu079-d7ec594f98355e49bf35af1f1c4b1fd9 .av-special-heading-tag .heading-char{\nfont-size:25px;\n}\n.av-special-heading.av-kdfvu079-d7ec594f98355e49bf35af1f1c4b1fd9 .av-subheading{\nfont-size:15px;\n}\n<\/style>\n<div  class='av-special-heading av-kdfvu079-d7ec594f98355e49bf35af1f1c4b1fd9 av-special-heading-h1 blockquote modern-quote  avia-builder-el-0  el_before_av_one_half  avia-builder-el-first '><div class='av-subheading av-subheading_above'><p>Orchestra RIGA concerts at the parks of Riga<\/p>\n<\/div><h1 class='av-special-heading-tag '  itemprop=\"headline\"  >SOUNDS OF RIGA<\/h1><div class=\"special-heading-border\"><div class=\"special-heading-inner-border\"><\/div><\/div><\/div>\n\n<style type=\"text\/css\" data-created_by=\"avia_inline_auto\" id=\"style-css-av-av_one_half-352b07ef7d3bc99b2e9f92e7a9e06bdb\">\n.flex_column.av-av_one_half-352b07ef7d3bc99b2e9f92e7a9e06bdb{\nborder-radius:0px 0px 0px 0px;\npadding:0px 0px 0px 0px;\n}\n<\/style>\n<div  class='flex_column av-av_one_half-352b07ef7d3bc99b2e9f92e7a9e06bdb av_one_half  avia-builder-el-1  el_after_av_heading  el_before_av_one_half  first flex_column_div av-zero-column-padding  '     ><style type=\"text\/css\" data-created_by=\"avia_inline_auto\" id=\"style-css-av-kdfvzoaf-267fc0e513cdb9ff73a409a21fb74713\">\n.avia-image-container.av-kdfvzoaf-267fc0e513cdb9ff73a409a21fb74713 img.avia_image{\nbox-shadow:none;\n}\n.avia-image-container.av-kdfvzoaf-267fc0e513cdb9ff73a409a21fb74713 .av-image-caption-overlay-center{\ncolor:#ffffff;\n}\n<\/style>\n<div  class='avia-image-container av-kdfvzoaf-267fc0e513cdb9ff73a409a21fb74713 av-styling- av-img-linked avia-align-center  avia-builder-el-2  avia-builder-el-no-sibling '   itemprop=\"image\" itemscope=\"itemscope\" itemtype=\"https:\/\/schema.org\/ImageObject\" ><div class=\"avia-image-container-inner\"><div class=\"avia-image-overlay-wrap\"><a href=\"https:\/\/orkestris.riga.lv\/wp-content\/uploads\/2020\/08\/Or\u0137estris-R\u012aGA-publicit\u0101tes-foto-1030x609.jpg\" data-srcset=\"https:\/\/orkestris.riga.lv\/wp-content\/uploads\/2020\/08\/Or\u0137estris-R\u012aGA-publicit\u0101tes-foto-1030x609.jpg 1030w, https:\/\/orkestris.riga.lv\/wp-content\/uploads\/2020\/08\/Or\u0137estris-R\u012aGA-publicit\u0101tes-foto-300x177.jpg 300w, https:\/\/orkestris.riga.lv\/wp-content\/uploads\/2020\/08\/Or\u0137estris-R\u012aGA-publicit\u0101tes-foto-768x454.jpg 768w, https:\/\/orkestris.riga.lv\/wp-content\/uploads\/2020\/08\/Or\u0137estris-R\u012aGA-publicit\u0101tes-foto-1536x908.jpg 1536w, https:\/\/orkestris.riga.lv\/wp-content\/uploads\/2020\/08\/Or\u0137estris-R\u012aGA-publicit\u0101tes-foto-2048x1211.jpg 2048w, https:\/\/orkestris.riga.lv\/wp-content\/uploads\/2020\/08\/Or\u0137estris-R\u012aGA-publicit\u0101tes-foto-1500x887.jpg 1500w, https:\/\/orkestris.riga.lv\/wp-content\/uploads\/2020\/08\/Or\u0137estris-R\u012aGA-publicit\u0101tes-foto-705x417.jpg 705w, https:\/\/orkestris.riga.lv\/wp-content\/uploads\/2020\/08\/Or\u0137estris-R\u012aGA-publicit\u0101tes-foto-450x266.jpg 450w\" data-sizes=\"(max-width: 1030px) 100vw, 1030px\" class='avia_image '  aria-label='Or\u0137estris R\u012aGA - publicit\u0101tes foto'><img decoding=\"async\" fetchpriority=\"high\" class='wp-image-7670 avia-img-lazy-loading-not-7670 avia_image ' src=\"https:\/\/orkestris.riga.lv\/wp-content\/uploads\/2020\/08\/Or\u0137estris-R\u012aGA-publicit\u0101tes-foto-300x177.jpg\" alt='' title='Or\u0137estris R\u012aGA - publicit\u0101tes foto'  height=\"177\" width=\"300\"  itemprop=\"thumbnailUrl\" srcset=\"https:\/\/orkestris.riga.lv\/wp-content\/uploads\/2020\/08\/Or\u0137estris-R\u012aGA-publicit\u0101tes-foto-300x177.jpg 300w, https:\/\/orkestris.riga.lv\/wp-content\/uploads\/2020\/08\/Or\u0137estris-R\u012aGA-publicit\u0101tes-foto-1030x609.jpg 1030w, https:\/\/orkestris.riga.lv\/wp-content\/uploads\/2020\/08\/Or\u0137estris-R\u012aGA-publicit\u0101tes-foto-768x454.jpg 768w, https:\/\/orkestris.riga.lv\/wp-content\/uploads\/2020\/08\/Or\u0137estris-R\u012aGA-publicit\u0101tes-foto-1536x908.jpg 1536w, https:\/\/orkestris.riga.lv\/wp-content\/uploads\/2020\/08\/Or\u0137estris-R\u012aGA-publicit\u0101tes-foto-2048x1211.jpg 2048w, https:\/\/orkestris.riga.lv\/wp-content\/uploads\/2020\/08\/Or\u0137estris-R\u012aGA-publicit\u0101tes-foto-1500x887.jpg 1500w, https:\/\/orkestris.riga.lv\/wp-content\/uploads\/2020\/08\/Or\u0137estris-R\u012aGA-publicit\u0101tes-foto-705x417.jpg 705w, https:\/\/orkestris.riga.lv\/wp-content\/uploads\/2020\/08\/Or\u0137estris-R\u012aGA-publicit\u0101tes-foto-450x266.jpg 450w\" sizes=\"(max-width: 300px) 100vw, 300px\" \/><\/a><\/div><\/div><\/div><\/div>\n<style type=\"text\/css\" data-created_by=\"avia_inline_auto\" id=\"style-css-av-av_one_half-2a64de42b738552fe666ca889af77e28\">\n.flex_column.av-av_one_half-2a64de42b738552fe666ca889af77e28{\nborder-radius:0px 0px 0px 0px;\npadding:0px 0px 0px 0px;\n}\n<\/style>\n<div  class='flex_column av-av_one_half-2a64de42b738552fe666ca889af77e28 av_one_half  avia-builder-el-3  el_after_av_one_half  avia-builder-el-last  flex_column_div av-zero-column-padding  '     ><p><div class='avia-data-table-wrap av-av_table-7cd0249d9087838836ac558c1a0d7acf avia_responsive_table avia-table-1'><table  class='avia-table avia-data-table avia_pricing_default  avia-builder-el-4  el_before_av_textblock  avia-builder-el-first '  itemscope=\"itemscope\" itemtype=\"https:\/\/schema.org\/Table\" ><tbody><tr class='avia-heading-row'><th class='avia-center-col'>6. AUG.<\/th><th class='avia-center-col'>Thursday<\/th><\/tr><tr class=''><td class='avia-center-col'>Place<\/td><td class='avia-center-col'>Riga Town Hall Square at 4 PM<br \/>\nOpera Square at 5 PM<br \/>\nV\u0113rmanes garden Park at 6 PM<\/td><\/tr><\/tbody><\/table><\/div><style type='text\/css'>.avia-table-1 td:nth-of-type(1):before { content: '6. AUG.'; } .avia-table-1 td:nth-of-type(2):before { content: 'Thursday'; } <\/style><br \/>\n<section  class='av_textblock_section av-kdfvzija-aacd5f541641a2dd7b39592d6db6325b '   itemscope=\"itemscope\" itemtype=\"https:\/\/schema.org\/BlogPosting\" itemprop=\"blogPost\" ><div class='avia_textblock'  itemprop=\"text\" ><p><b>Orchestra RIGA<\/b><\/p>\n<p>Conductor <strong>Valdis But\u0101ns<\/strong><\/p>\n<p>Going for a walk through Riga,\u00a0 you will hear the bright sounds of wind instruments all around different parks and gardens of Riga. Orchestra \u201cRiga\u201d with its artistic director and chief conductor Valdis But\u0101ns will take care of a positive atmosphere on 6th of August, playing joyful melodies.<\/p>\n<p><strong>All safety regulations appropriate to the situation will be observed at the concert venue. The listeners of the concert aren&#8217;t provided with seats.<\/strong><\/p>\n<\/div><\/section><br \/>\n\n<style type=\"text\/css\" data-created_by=\"avia_inline_auto\" id=\"style-css-av-av_hr-a6de236e6c183bbbd700292deacd2b52\">\n#top .hr.hr-invisible.av-av_hr-a6de236e6c183bbbd700292deacd2b52{\nheight:20px;\n}\n<\/style>\n<div  class='hr av-av_hr-a6de236e6c183bbbd700292deacd2b52 hr-invisible  avia-builder-el-6  el_after_av_textblock  el_before_av_hr '><span class='hr-inner '><span class=\"hr-inner-style\"><\/span><\/span><\/div><br \/>\n\n<style type=\"text\/css\" data-created_by=\"avia_inline_auto\" id=\"style-css-av-av_hr-0688d0b0b6ed2f8b057db7a8270206df\">\n#top .hr.hr-invisible.av-av_hr-0688d0b0b6ed2f8b057db7a8270206df{\nheight:50px;\n}\n<\/style>\n<div  class='hr av-av_hr-0688d0b0b6ed2f8b057db7a8270206df hr-invisible  avia-builder-el-7  el_after_av_hr  el_before_av_social_share '><span class='hr-inner '><span class=\"hr-inner-style\"><\/span><\/span><\/div><br \/>\n<div  class='av-social-sharing-box av-av_social_share-9e76c3a3d696a767864f78fc4d816411 av-social-sharing-box-default  avia-builder-el-8  el_after_av_hr  avia-builder-el-last  av-social-sharing-box-fullwidth'><\/div><\/p><\/div><\/p>\n","protected":false},"excerpt":{"rendered":"","protected":false},"author":3,"featured_media":0,"comment_status":"closed","ping_status":"closed","sticky":false,"template":"","format":"standard","meta":{"footnotes":""},"categories":[11],"tags":[],"class_list":["post-7694","post","type-post","status-publish","format-standard","hentry","category-concerts"],"yoast_head":"<!-- This site is optimized with the Yoast SEO plugin v27.4 - https:\/\/yoast.com\/product\/yoast-seo-wordpress\/ -->\n<title>SOUNDS OF RIGA (6th) - Or\u0137estris R\u012aGA<\/title>\n<meta name=\"robots\" content=\"index, follow, max-snippet:-1, max-image-preview:large, max-video-preview:-1\" \/>\n<link rel=\"canonical\" href=\"https:\/\/orkestris.riga.lv\/en\/sounds-of-riga-6th\/\" \/>\n<meta property=\"og:locale\" content=\"en_US\" \/>\n<meta property=\"og:type\" content=\"article\" \/>\n<meta property=\"og:title\" content=\"SOUNDS OF RIGA (6th) - Or\u0137estris R\u012aGA\" \/>\n<meta property=\"og:url\" content=\"https:\/\/orkestris.riga.lv\/en\/sounds-of-riga-6th\/\" \/>\n<meta property=\"og:site_name\" content=\"Or\u0137estris R\u012aGA\" \/>\n<meta property=\"article:publisher\" content=\"https:\/\/www.facebook.com\/rigaorchestra\" \/>\n<meta property=\"article:published_time\" content=\"2020-08-04T11:56:22+00:00\" \/>\n<meta name=\"author\" content=\"Baiba Tilhena\" \/>\n<meta name=\"twitter:card\" content=\"summary_large_image\" \/>\n<meta name=\"twitter:label1\" content=\"Written by\" \/>\n\t<meta name=\"twitter:data1\" content=\"Baiba Tilhena\" \/>\n\t<meta name=\"twitter:label2\" content=\"Est. reading time\" \/>\n\t<meta name=\"twitter:data2\" content=\"3 minutes\" \/>\n<script type=\"application\/ld+json\" class=\"yoast-schema-graph\">{\"@context\":\"https:\\\/\\\/schema.org\",\"@graph\":[{\"@type\":\"Article\",\"@id\":\"https:\\\/\\\/orkestris.riga.lv\\\/en\\\/sounds-of-riga-6th\\\/#article\",\"isPartOf\":{\"@id\":\"https:\\\/\\\/orkestris.riga.lv\\\/en\\\/sounds-of-riga-6th\\\/\"},\"author\":{\"name\":\"Baiba Tilhena\",\"@id\":\"https:\\\/\\\/orkestris.riga.lv\\\/en\\\/#\\\/schema\\\/person\\\/5fc8244283120fa5d8078ca3afdbc146\"},\"headline\":\"SOUNDS OF RIGA (6th)\",\"datePublished\":\"2020-08-04T11:56:22+00:00\",\"mainEntityOfPage\":{\"@id\":\"https:\\\/\\\/orkestris.riga.lv\\\/en\\\/sounds-of-riga-6th\\\/\"},\"wordCount\":438,\"publisher\":{\"@id\":\"https:\\\/\\\/orkestris.riga.lv\\\/en\\\/#organization\"},\"articleSection\":[\"Concerts\"],\"inLanguage\":\"en-US\"},{\"@type\":\"WebPage\",\"@id\":\"https:\\\/\\\/orkestris.riga.lv\\\/en\\\/sounds-of-riga-6th\\\/\",\"url\":\"https:\\\/\\\/orkestris.riga.lv\\\/en\\\/sounds-of-riga-6th\\\/\",\"name\":\"SOUNDS OF RIGA (6th) - Or\u0137estris R\u012aGA\",\"isPartOf\":{\"@id\":\"https:\\\/\\\/orkestris.riga.lv\\\/en\\\/#website\"},\"datePublished\":\"2020-08-04T11:56:22+00:00\",\"breadcrumb\":{\"@id\":\"https:\\\/\\\/orkestris.riga.lv\\\/en\\\/sounds-of-riga-6th\\\/#breadcrumb\"},\"inLanguage\":\"en-US\",\"potentialAction\":[{\"@type\":\"ReadAction\",\"target\":[\"https:\\\/\\\/orkestris.riga.lv\\\/en\\\/sounds-of-riga-6th\\\/\"]}]},{\"@type\":\"BreadcrumbList\",\"@id\":\"https:\\\/\\\/orkestris.riga.lv\\\/en\\\/sounds-of-riga-6th\\\/#breadcrumb\",\"itemListElement\":[{\"@type\":\"ListItem\",\"position\":1,\"name\":\"Home\",\"item\":\"https:\\\/\\\/orkestris.riga.lv\\\/en\\\/\"},{\"@type\":\"ListItem\",\"position\":2,\"name\":\"SOUNDS OF RIGA (6th)\"}]},{\"@type\":\"WebSite\",\"@id\":\"https:\\\/\\\/orkestris.riga.lv\\\/en\\\/#website\",\"url\":\"https:\\\/\\\/orkestris.riga.lv\\\/en\\\/\",\"name\":\"Or\u0137estris R\u012aGA\",\"description\":\"Orchestra RIGA\",\"publisher\":{\"@id\":\"https:\\\/\\\/orkestris.riga.lv\\\/en\\\/#organization\"},\"potentialAction\":[{\"@type\":\"SearchAction\",\"target\":{\"@type\":\"EntryPoint\",\"urlTemplate\":\"https:\\\/\\\/orkestris.riga.lv\\\/en\\\/?s={search_term_string}\"},\"query-input\":{\"@type\":\"PropertyValueSpecification\",\"valueRequired\":true,\"valueName\":\"search_term_string\"}}],\"inLanguage\":\"en-US\"},{\"@type\":\"Organization\",\"@id\":\"https:\\\/\\\/orkestris.riga.lv\\\/en\\\/#organization\",\"name\":\"Or\u0137estris R\u012aGA\",\"url\":\"https:\\\/\\\/orkestris.riga.lv\\\/en\\\/\",\"logo\":{\"@type\":\"ImageObject\",\"inLanguage\":\"en-US\",\"@id\":\"https:\\\/\\\/orkestris.riga.lv\\\/en\\\/#\\\/schema\\\/logo\\\/image\\\/\",\"url\":\"https:\\\/\\\/orkestris.riga.lv\\\/wp-content\\\/uploads\\\/2025\\\/01\\\/orkestris_riga_logo.png\",\"contentUrl\":\"https:\\\/\\\/orkestris.riga.lv\\\/wp-content\\\/uploads\\\/2025\\\/01\\\/orkestris_riga_logo.png\",\"width\":1200,\"height\":505,\"caption\":\"Or\u0137estris R\u012aGA\"},\"image\":{\"@id\":\"https:\\\/\\\/orkestris.riga.lv\\\/en\\\/#\\\/schema\\\/logo\\\/image\\\/\"},\"sameAs\":[\"https:\\\/\\\/www.facebook.com\\\/rigaorchestra\",\"https:\\\/\\\/www.youtube.com\\\/rigaorchestra\",\"https:\\\/\\\/www.instagram.com\\\/rigaorchestra\"]},{\"@type\":\"Person\",\"@id\":\"https:\\\/\\\/orkestris.riga.lv\\\/en\\\/#\\\/schema\\\/person\\\/5fc8244283120fa5d8078ca3afdbc146\",\"name\":\"Baiba Tilhena\",\"image\":{\"@type\":\"ImageObject\",\"inLanguage\":\"en-US\",\"@id\":\"https:\\\/\\\/secure.gravatar.com\\\/avatar\\\/0c7ba6dfe435c424160fdf1c493bc6f7b8b837e21cb70e0179039e7ad6d5528f?s=96&d=mm&r=g\",\"url\":\"https:\\\/\\\/secure.gravatar.com\\\/avatar\\\/0c7ba6dfe435c424160fdf1c493bc6f7b8b837e21cb70e0179039e7ad6d5528f?s=96&d=mm&r=g\",\"contentUrl\":\"https:\\\/\\\/secure.gravatar.com\\\/avatar\\\/0c7ba6dfe435c424160fdf1c493bc6f7b8b837e21cb70e0179039e7ad6d5528f?s=96&d=mm&r=g\",\"caption\":\"Baiba Tilhena\"},\"sameAs\":[\"http:\\\/\\\/orkestris.riga.lv\"],\"url\":\"https:\\\/\\\/orkestris.riga.lv\\\/en\\\/author\\\/lindaauseja\\\/\"}]}<\/script>\n<!-- \/ Yoast SEO plugin. -->","yoast_head_json":{"title":"SOUNDS OF RIGA (6th) - Or\u0137estris R\u012aGA","robots":{"index":"index","follow":"follow","max-snippet":"max-snippet:-1","max-image-preview":"max-image-preview:large","max-video-preview":"max-video-preview:-1"},"canonical":"https:\/\/orkestris.riga.lv\/en\/sounds-of-riga-6th\/","og_locale":"en_US","og_type":"article","og_title":"SOUNDS OF RIGA (6th) - Or\u0137estris R\u012aGA","og_url":"https:\/\/orkestris.riga.lv\/en\/sounds-of-riga-6th\/","og_site_name":"Or\u0137estris R\u012aGA","article_publisher":"https:\/\/www.facebook.com\/rigaorchestra","article_published_time":"2020-08-04T11:56:22+00:00","author":"Baiba Tilhena","twitter_card":"summary_large_image","twitter_misc":{"Written by":"Baiba Tilhena","Est. reading time":"3 minutes"},"schema":{"@context":"https:\/\/schema.org","@graph":[{"@type":"Article","@id":"https:\/\/orkestris.riga.lv\/en\/sounds-of-riga-6th\/#article","isPartOf":{"@id":"https:\/\/orkestris.riga.lv\/en\/sounds-of-riga-6th\/"},"author":{"name":"Baiba Tilhena","@id":"https:\/\/orkestris.riga.lv\/en\/#\/schema\/person\/5fc8244283120fa5d8078ca3afdbc146"},"headline":"SOUNDS OF RIGA (6th)","datePublished":"2020-08-04T11:56:22+00:00","mainEntityOfPage":{"@id":"https:\/\/orkestris.riga.lv\/en\/sounds-of-riga-6th\/"},"wordCount":438,"publisher":{"@id":"https:\/\/orkestris.riga.lv\/en\/#organization"},"articleSection":["Concerts"],"inLanguage":"en-US"},{"@type":"WebPage","@id":"https:\/\/orkestris.riga.lv\/en\/sounds-of-riga-6th\/","url":"https:\/\/orkestris.riga.lv\/en\/sounds-of-riga-6th\/","name":"SOUNDS OF RIGA (6th) - Or\u0137estris R\u012aGA","isPartOf":{"@id":"https:\/\/orkestris.riga.lv\/en\/#website"},"datePublished":"2020-08-04T11:56:22+00:00","breadcrumb":{"@id":"https:\/\/orkestris.riga.lv\/en\/sounds-of-riga-6th\/#breadcrumb"},"inLanguage":"en-US","potentialAction":[{"@type":"ReadAction","target":["https:\/\/orkestris.riga.lv\/en\/sounds-of-riga-6th\/"]}]},{"@type":"BreadcrumbList","@id":"https:\/\/orkestris.riga.lv\/en\/sounds-of-riga-6th\/#breadcrumb","itemListElement":[{"@type":"ListItem","position":1,"name":"Home","item":"https:\/\/orkestris.riga.lv\/en\/"},{"@type":"ListItem","position":2,"name":"SOUNDS OF RIGA (6th)"}]},{"@type":"WebSite","@id":"https:\/\/orkestris.riga.lv\/en\/#website","url":"https:\/\/orkestris.riga.lv\/en\/","name":"Or\u0137estris R\u012aGA","description":"Orchestra RIGA","publisher":{"@id":"https:\/\/orkestris.riga.lv\/en\/#organization"},"potentialAction":[{"@type":"SearchAction","target":{"@type":"EntryPoint","urlTemplate":"https:\/\/orkestris.riga.lv\/en\/?s={search_term_string}"},"query-input":{"@type":"PropertyValueSpecification","valueRequired":true,"valueName":"search_term_string"}}],"inLanguage":"en-US"},{"@type":"Organization","@id":"https:\/\/orkestris.riga.lv\/en\/#organization","name":"Or\u0137estris R\u012aGA","url":"https:\/\/orkestris.riga.lv\/en\/","logo":{"@type":"ImageObject","inLanguage":"en-US","@id":"https:\/\/orkestris.riga.lv\/en\/#\/schema\/logo\/image\/","url":"https:\/\/orkestris.riga.lv\/wp-content\/uploads\/2025\/01\/orkestris_riga_logo.png","contentUrl":"https:\/\/orkestris.riga.lv\/wp-content\/uploads\/2025\/01\/orkestris_riga_logo.png","width":1200,"height":505,"caption":"Or\u0137estris R\u012aGA"},"image":{"@id":"https:\/\/orkestris.riga.lv\/en\/#\/schema\/logo\/image\/"},"sameAs":["https:\/\/www.facebook.com\/rigaorchestra","https:\/\/www.youtube.com\/rigaorchestra","https:\/\/www.instagram.com\/rigaorchestra"]},{"@type":"Person","@id":"https:\/\/orkestris.riga.lv\/en\/#\/schema\/person\/5fc8244283120fa5d8078ca3afdbc146","name":"Baiba Tilhena","image":{"@type":"ImageObject","inLanguage":"en-US","@id":"https:\/\/secure.gravatar.com\/avatar\/0c7ba6dfe435c424160fdf1c493bc6f7b8b837e21cb70e0179039e7ad6d5528f?s=96&d=mm&r=g","url":"https:\/\/secure.gravatar.com\/avatar\/0c7ba6dfe435c424160fdf1c493bc6f7b8b837e21cb70e0179039e7ad6d5528f?s=96&d=mm&r=g","contentUrl":"https:\/\/secure.gravatar.com\/avatar\/0c7ba6dfe435c424160fdf1c493bc6f7b8b837e21cb70e0179039e7ad6d5528f?s=96&d=mm&r=g","caption":"Baiba Tilhena"},"sameAs":["http:\/\/orkestris.riga.lv"],"url":"https:\/\/orkestris.riga.lv\/en\/author\/lindaauseja\/"}]}},"_links":{"self":[{"href":"https:\/\/orkestris.riga.lv\/en\/wp-json\/wp\/v2\/posts\/7694","targetHints":{"allow":["GET"]}}],"collection":[{"href":"https:\/\/orkestris.riga.lv\/en\/wp-json\/wp\/v2\/posts"}],"about":[{"href":"https:\/\/orkestris.riga.lv\/en\/wp-json\/wp\/v2\/types\/post"}],"author":[{"embeddable":true,"href":"https:\/\/orkestris.riga.lv\/en\/wp-json\/wp\/v2\/users\/3"}],"replies":[{"embeddable":true,"href":"https:\/\/orkestris.riga.lv\/en\/wp-json\/wp\/v2\/comments?post=7694"}],"version-history":[{"count":2,"href":"https:\/\/orkestris.riga.lv\/en\/wp-json\/wp\/v2\/posts\/7694\/revisions"}],"predecessor-version":[{"id":7696,"href":"https:\/\/orkestris.riga.lv\/en\/wp-json\/wp\/v2\/posts\/7694\/revisions\/7696"}],"wp:attachment":[{"href":"https:\/\/orkestris.riga.lv\/en\/wp-json\/wp\/v2\/media?parent=7694"}],"wp:term":[{"taxonomy":"category","embeddable":true,"href":"https:\/\/orkestris.riga.lv\/en\/wp-json\/wp\/v2\/categories?post=7694"},{"taxonomy":"post_tag","embeddable":true,"href":"https:\/\/orkestris.riga.lv\/en\/wp-json\/wp\/v2\/tags?post=7694"}],"curies":[{"name":"wp","href":"https:\/\/api.w.org\/{rel}","templated":true}]}}